{"id":25960605,"date":"2024-04-25T17:30:39","date_gmt":"2024-04-25T15:30:39","guid":{"rendered":"https:\/\/isla-travel.de\/?p=25960605"},"modified":"2024-09-18T18:29:47","modified_gmt":"2024-09-18T16:29:47","slug":"forever-young-pa-mallorca-legendariske-kunstnere-rocker-port-adriano-musikfestival","status":"publish","type":"post","link":"https:\/\/isla-travel.de\/da\/mallorca-magazin\/forever-young-auf-mallorca-legendaere-kuenstler-rocken-das-port-adriano-music-festival\/","title":{"rendered":"\"Forever Young\" p\u00e5 Mallorca: Legendariske kunstnere rocker Port Adriano Music Festival"},"content":{"rendered":"<p><img loading=\"lazy\" decoding=\"async\" src=\"https:\/\/isla-travel.de\/wp-content\/uploads\/2024\/04\/20240425_port_adriano_ansicht.jpg\" alt=\"Udsigt over den fornemme marina Port Adriano p\u00e5 Mallorca - Port Adriano - Koncert - Concerto 2024 Copyright: port-adriano.com\" width=\"750\" height=\"422\" class=\"alignright size-full wp-image-25960611\" \/><\/p>\n<p>Den <a href=\"https:\/\/portadrianomusic.es\/?lang=de\" target=\"_blank\" rel=\"nofollow noopener\" title=\"Til den officielle hjemmeside for arrang\u00f8ren af Port Adriano Music Festival\">Port Adriano musikfestival<\/a>en af Mallorcas mest traditionsrige musikbegivenheder, har igen i \u00e5r en imponerende liste af kunstnere at byde p\u00e5. Den tolvte udgave af festivalen, som finder sted mellem 28. juli og 10. august i den eksklusive marina p\u00e5 den maleriske sydvestkyst, tegner til at blive endnu en uforglemmelig musikalsk oplevelse.<\/p>\n<p>Festivalarrang\u00f8rerne har ikke sparet p\u00e5 de store navne og har inviteret et udvalg af verdensber\u00f8mte kunstnere, som vil fortrylle publikum med deres kunst og uforlignelige flair. Denne kulturelle begivenhed, som er kendt for sin unikke blanding af lokal charme og international musik, tiltr\u00e6kker hvert \u00e5r tusindvis af bes\u00f8gende, som deler en lidenskabelig k\u00e6rlighed til musik. <\/p>\n<p><iframe loading=\"lazy\" width=\"560\" height=\"315\" src=\"https:\/\/www.youtube-nocookie.com\/embed\/nl22auIRJTE?si=7dcpi1B-H_4Ks5ze\" title=\"YouTube-videoafspiller\" frameborder=\"0\" allow=\"accelerometer; autoplay; clipboard-write; encrypted-media; gyroscope; picture-in-picture; web-share\" referrerpolicy=\"strict-origin-when-cross-origin\" allowfullscreen><\/iframe><\/p>\n<p>Festivalen er ikke kun en scene for verdensber\u00f8mte kunstnere, men ogs\u00e5 en betagende kulisse med udsigt over det azurbl\u00e5 Middelhav, hvilket g\u00f8r den til en af de mest eftertragtede musikdestinationer om sommeren. Bes\u00f8gende kan se frem til uforglemmelige aftener under stjernerne, omgivet af det fantastiske mallorcinske landskab og lyden af nogle af de st\u00f8rste musiklegender i vores tid.<\/p>\n<p>Billedkilde: https:\/\/www.portadriano.com\/de\/galeria\/<\/p>","protected":false},"excerpt":{"rendered":"<p>Port Adriano Music Festival fejrer sin 12. udgave med et line-up af legendariske kunstnere. Fra 28. juli til 10. august bliver Mallorcas \u00e6dle havn forvandlet til en scene for uforglemmelige musikaftener.<\/p>","protected":false},"author":4,"featured_media":25960610,"comment_status":"open","ping_status":"closed","sticky":false,"template":"","format":"standard","meta":{"_acf_changed":false,"_et_pb_use_builder":"","_et_pb_old_content":"","_et_gb_content_width":"","footnotes":""},"categories":[1,2213],"tags":[759,140,408,405,761,318,278],"dipi_cpt_category":[],"class_list":["post-25960605","post","type-post","status-publish","format-standard","has-post-thumbnail","hentry","category-mallorca-news","category-event-kalender","tag-events","tag-leben-und-stil","tag-konzerte","tag-nightlife","tag-port-adriano","tag-termine","tag-yachten"],"acf":[],"_links":{"self":[{"href":"https:\/\/isla-travel.de\/da\/wp-json\/wp\/v2\/posts\/25960605","targetHints":{"allow":["GET"]}}],"collection":[{"href":"https:\/\/isla-travel.de\/da\/wp-json\/wp\/v2\/posts"}],"about":[{"href":"https:\/\/isla-travel.de\/da\/wp-json\/wp\/v2\/types\/post"}],"author":[{"embeddable":true,"href":"https:\/\/isla-travel.de\/da\/wp-json\/wp\/v2\/users\/4"}],"replies":[{"embeddable":true,"href":"https:\/\/isla-travel.de\/da\/wp-json\/wp\/v2\/comments?post=25960605"}],"version-history":[{"count":9,"href":"https:\/\/isla-travel.de\/da\/wp-json\/wp\/v2\/posts\/25960605\/revisions"}],"predecessor-version":[{"id":25960618,"href":"https:\/\/isla-travel.de\/da\/wp-json\/wp\/v2\/posts\/25960605\/revisions\/25960618"}],"wp:featuredmedia":[{"embeddable":true,"href":"https:\/\/isla-travel.de\/da\/wp-json\/wp\/v2\/media\/25960610"}],"wp:attachment":[{"href":"https:\/\/isla-travel.de\/da\/wp-json\/wp\/v2\/media?parent=25960605"}],"wp:term":[{"taxonomy":"category","embeddable":true,"href":"https:\/\/isla-travel.de\/da\/wp-json\/wp\/v2\/categories?post=25960605"},{"taxonomy":"post_tag","embeddable":true,"href":"https:\/\/isla-travel.de\/da\/wp-json\/wp\/v2\/tags?post=25960605"},{"taxonomy":"dipi_cpt_category","embeddable":true,"href":"https:\/\/isla-travel.de\/da\/wp-json\/wp\/v2\/dipi_cpt_category?post=25960605"}],"curies":[{"name":"wp","href":"https:\/\/api.w.org\/{rel}","templated":true}]}}