{"id":25978567,"date":"2024-11-27T15:01:39","date_gmt":"2024-11-27T14:01:39","guid":{"rendered":"https:\/\/isla-travel.de\/?p=25978567"},"modified":"2024-11-27T23:02:57","modified_gmt":"2024-11-27T22:02:57","slug":"magisk-december-pa-mallorca-julemarkeder-glitrende-lys-og-rolige-strande","status":"publish","type":"post","link":"https:\/\/isla-travel.de\/da\/mallorca-magazin\/magischer-dezember-auf-mallorca-weihnachtsmaerkte-lichterglanz-und-stille-straende\/","title":{"rendered":"Magisk december p\u00e5 Mallorca: Julemarkeder, blinkende lys og rolige strande"},"content":{"rendered":"<p>Mallorca er ogs\u00e5 fortryllende i december - med en blanding af festlige traditioner, vinterstilhed og et strejf af nostalgi. Mellem oplyste gyder, duftende julemarkeder og n\u00e6sten \u00f8de strande viser \u00f8en, hvor alsidig den kan v\u00e6re om vinteren.<\/p>\n\n\n\n<figure class=\"wp-block-image size-large\"><img loading=\"lazy\" decoding=\"async\" width=\"1024\" height=\"724\" src=\"https:\/\/isla-travel.de\/wp-content\/uploads\/2024\/11\/Weihnachten-Palma-de-Mallorca-1024x724.jpg\" alt=\"Julebelysning Palma de Mallorca\" class=\"wp-image-25978696\"\/><figcaption class=\"wp-element-caption\">\u00a9pvproductions<\/figcaption><\/figure>\n\n\n\n<h2 class=\"wp-block-heading\"><strong>Palmas lyshav: en tur gennem festlighederne<\/strong><\/h2>\n\n\n\n<p>Siden 23. november 2024 har \u00f8ens hovedstad Palma str\u00e5let i et funklende sk\u00e6r og prydet over 200 gader med kunstneriske lysinstallationer. Is\u00e6r Passeig del Born og Pla\u00e7a Major fortryller de bes\u00f8gende. En aftentur gennem Palmas gamle bydel bliver et festligt h\u00f8jdepunkt - uanset om det er med en varm chokolade eller en mallorcinsk lik\u00f8r i h\u00e5nden.<\/p>\n\n\n\n<h2 class=\"wp-block-heading\"><strong>S\u00f8ndags\u00e5bent: Julehandel med et s\u00e6rligt flair<\/strong><\/h2>\n\n\n\n<p>I december 2024 giver tre s\u00e6rlige dage mulighed for afslappet shopping: Fredag den 6. december (D\u00eda de la Constituci\u00f3n) samt s\u00f8ndagene den 22. og 29. december \u00e5bner butikkerne deres d\u00f8re. Perfekt til at k\u00f8be gaver og nyde byens liv og r\u00f8re.<\/p>\n\n\n\n<h2 class=\"wp-block-heading\"><strong>De smukkeste julemarkeder p\u00e5 \u00f8en<\/strong><\/h2>\n\n\n\n<p>Mallorca viser sig fra sin romantiske side op til jul: Julemarkeder, der varmer hjertet, indbyder til slentren, fest og forundring.<\/p>\n\n\n\n<ul class=\"wp-block-list\">\n<li><strong>Fira de Nadal i Reis i Palma<\/strong>Indtil den 7. januar forvandles pladser som Pla\u00e7a Major, La Rambla og Parc de Ses Estacions til et sandt juleunderland. Kunsth\u00e5ndv\u00e6rk, s\u00f8de sager og traditionelt krybbespilstilbeh\u00f8r venter p\u00e5 de bes\u00f8gende.<\/li>\n\n\n\n<li><strong>Julemarked i Pueblo Espa\u00f1ol<\/strong>Fra 28. november til 22. december venter friluftsmuseet i Palma p\u00e5 g\u00e6sterne med kunstig sne, gl\u00f8gg og festlig musik. Den stemningsfulde belysning g\u00f8r hver aften til en oplevelse.<\/li>\n\n\n\n<li><strong>Puerto Portals julemarked<\/strong>Fra 13. december til 6. januar bliver den elegante havn et m\u00f8dested for kendere. Mellem gourmetboder og liveoptr\u00e6den s\u00f8rger en sk\u00f8jtebane for vintersjov.<\/li>\n\n\n\n<li><strong>Rata Mercado Nadal i Palma<\/strong>Fra 21. til 23. december finder der et s\u00e6rligt marked sted i kongrespaladset. Her m\u00f8des lokalt h\u00e5ndv\u00e6rk og design med en moderne atmosf\u00e6re.<\/li>\n\n\n\n<li><strong>S\u00f8nnen Amar i juleeventyrland<\/strong>I weekenderne fra 30. november til 22. december gl\u00e6der eventcentret n\u00e6r Palma de bes\u00f8gende med juleboder, en sk\u00f8jtebane og et fortryllende juleshow.<\/li>\n<\/ul>\n\n\n\n<h2 class=\"wp-block-heading\"><strong>Vinterens ro: vandre- og cykelture<\/strong><\/h2>\n\n\n\n<p>December giver den perfekte mulighed for at opleve Mallorca fra sin afslappede side. Strandene er tomme, og vintersolens lys bader kysterne i varme farver - ideelt til lange g\u00e5ture. Cyklister s\u00e6tter pris p\u00e5 de nu mindre trafikerede veje, der f\u00f8rer gennem bakkede landskaber og forbi maleriske landsbyer.<\/p>\n\n\n\n<h2 class=\"wp-block-heading\"><strong>Festlige lyde: traditionelle julesange og Sibil-la<\/strong><\/h2>\n\n\n\n<p>Et kulturelt h\u00f8jdepunkt er den middelalderlige Sibil-la-sang, som opf\u00f8res i mange kirker den 24. december. Denne gamle tradition, som er en del af UNESCO's verdensarvsliste, betager b\u00e5de lokale og bes\u00f8gende.<\/p>\n\n\n\n<h2 class=\"wp-block-heading\"><strong>En \u00f8 i julepragt<\/strong><\/h2>\n\n\n\n<p>Mallorca i december er et insidertip til alle dem, der s\u00f8ger tradition og ro - og stadig vil nyde et livligt, kulturelt program. Uanset om man slentrer gennem festlige markeder, g\u00e5r en tur ved havet eller nyder et glas gl\u00f8gg, kombinerer \u00f8en magi og afslapning som intet andet sted.<\/p>\n\n\n\n<p><strong><span class=\"islafont\">Isla<\/span> Tip til l\u00e6sning:<\/strong><\/p>\n\n\n\n<ul class=\"wp-block-list\">\n<li><a href=\"https:\/\/isla-travel.de\/da\/mallorca-magasin\/tysk-julemesse-i-palma-juleaften-i-katedralen\/\">Tysksproget julemesse i Palma: Juleaften i katedralen<\/a><\/li>\n\n\n\n<li><a href=\"https:\/\/isla-travel.de\/da\/mallorca-magasin\/palmas-julelys-et-skue-der-blaender-sanserne\/\">Palmas julelys: et skue, der bl\u00e6nder sanserne<\/a><\/li>\n\n\n\n<li><a href=\"https:\/\/isla-travel.de\/da\/katalog-over-begivenheder\/\">Begivenhedskalender Mallorca<\/a><\/li>\n\n\n\n<li><a href=\"https:\/\/isla-travel.de\/da\/mallorca-magasin\/naesten-faste-sondage-og-helligdage-pa-mallorca-indtil-udgangen-af-2025\/\">N\u00e6sten fast: s\u00f8ndage og helligdage \u00e5bne p\u00e5 Mallorca indtil udgangen af 2025<\/a><\/li>\n<\/ul>","protected":false},"excerpt":{"rendered":"<p>Festlige h\u00f8jdepunkter p\u00e5 Mallorca i december 2024: Julemarkeder, shopping, strandture og afslappede cykelture.<\/p>","protected":false},"author":6,"featured_media":25978696,"comment_status":"open","ping_status":"closed","sticky":false,"template":"","format":"standard","meta":{"_acf_changed":false,"_et_pb_use_builder":"off","_et_pb_old_content":"","_et_gb_content_width":"1380","footnotes":""},"categories":[1,2213],"tags":[2833,2756,2836,2837,2835,2376,2373,2834],"dipi_cpt_category":[],"class_list":["post-25978567","post","type-post","status-publish","format-standard","has-post-thumbnail","hentry","category-mallorca-news","category-event-kalender","tag-mallorca-dezember-2024","tag-palma-weihnachtsbeleuchtung-2024","tag-radtouren-mallorca-winter","tag-strandspaziergaenge-mallorca","tag-verkaufsoffene-tage-palma","tag-weihnachten-auf-mallorca","tag-weihnachtsmaerkte-mallorca","tag-winteraktivitaeten-mallorca"],"acf":[],"_links":{"self":[{"href":"https:\/\/isla-travel.de\/da\/wp-json\/wp\/v2\/posts\/25978567","targetHints":{"allow":["GET"]}}],"collection":[{"href":"https:\/\/isla-travel.de\/da\/wp-json\/wp\/v2\/posts"}],"about":[{"href":"https:\/\/isla-travel.de\/da\/wp-json\/wp\/v2\/types\/post"}],"author":[{"embeddable":true,"href":"https:\/\/isla-travel.de\/da\/wp-json\/wp\/v2\/users\/6"}],"replies":[{"embeddable":true,"href":"https:\/\/isla-travel.de\/da\/wp-json\/wp\/v2\/comments?post=25978567"}],"version-history":[{"count":7,"href":"https:\/\/isla-travel.de\/da\/wp-json\/wp\/v2\/posts\/25978567\/revisions"}],"predecessor-version":[{"id":25978699,"href":"https:\/\/isla-travel.de\/da\/wp-json\/wp\/v2\/posts\/25978567\/revisions\/25978699"}],"wp:featuredmedia":[{"embeddable":true,"href":"https:\/\/isla-travel.de\/da\/wp-json\/wp\/v2\/media\/25978696"}],"wp:attachment":[{"href":"https:\/\/isla-travel.de\/da\/wp-json\/wp\/v2\/media?parent=25978567"}],"wp:term":[{"taxonomy":"category","embeddable":true,"href":"https:\/\/isla-travel.de\/da\/wp-json\/wp\/v2\/categories?post=25978567"},{"taxonomy":"post_tag","embeddable":true,"href":"https:\/\/isla-travel.de\/da\/wp-json\/wp\/v2\/tags?post=25978567"},{"taxonomy":"dipi_cpt_category","embeddable":true,"href":"https:\/\/isla-travel.de\/da\/wp-json\/wp\/v2\/dipi_cpt_category?post=25978567"}],"curies":[{"name":"wp","href":"https:\/\/api.w.org\/{rel}","templated":true}]}}