{"id":25972106,"date":"2024-08-21T16:27:00","date_gmt":"2024-08-21T14:27:00","guid":{"rendered":"https:\/\/isla-travel.de\/?p=25972106"},"modified":"2024-08-28T12:14:57","modified_gmt":"2024-08-28T10:14:57","slug":"natural-spectacle-2026-why-tourists-are-already-booking-hotel-rooms-on-mallorca","status":"publish","type":"post","link":"https:\/\/isla-travel.de\/en\/mallorca-magazin\/naturspektakel-2026-warum-touristen-schon-jetzt-hotelzimmer-auf-mallorca-reservieren\/","title":{"rendered":"Natural spectacle 2026: Why tourists are already booking hotel rooms on Mallorca"},"content":{"rendered":"<p><strong>Total solar eclipse 2026: Mallorca becomes a hotspot for stargazers<\/strong><\/p>\n\n\n\n<p>On August 12, 2026, a spectacular natural event will take place on Mallorca: a <strong>total solar eclipse<\/strong>which will plunge the island into complete darkness for two minutes. Astronomy enthusiasts from all over the world are already preparing for this rare phenomenon, which will be particularly easy to observe from the island. Even now, two years before the event, hotels on Mallorca are in high demand for those who do not want to miss this unique experience.<\/p>\n\n\n\n<figure class=\"wp-block-image size-large\"><img loading=\"lazy\" decoding=\"async\" width=\"1024\" height=\"576\" src=\"https:\/\/isla-travel.de\/wp-content\/uploads\/2024\/08\/zyanya-citlalli-unsplash-1-1024x576.jpg\" alt=\"\" class=\"wp-image-25972240\"\/><figcaption class=\"wp-element-caption\">\u00a9zyanya-citlalli<\/figcaption><\/figure>\n\n\n\n<h2 class=\"wp-block-heading\">The path of the solar eclipse: from Galicia to Mallorca<\/h2>\n\n\n\n<p>The solar eclipse in Spain will occur along a <strong>diagonal stripe<\/strong> be visible from west to east, which extends from <strong>Galicia to Mallorca<\/strong> extends. It is particularly noteworthy that there are <strong>100 years<\/strong> is the longest time since such a total solar eclipse was observed in Spain. Against <strong>Sunset<\/strong> the moon will move in front of the sun, and the best time to observe it will be around <strong>8 p.m.<\/strong> expected.<\/p>\n\n\n\n<h2 class=\"wp-block-heading\">Best observation points on Mallorca<\/h2>\n\n\n\n<p>On Mallorca, you can particularly enjoy the <strong>Tramuntana Mountains<\/strong> and its southwest as ideal places for observation. Places like <strong>Andratx, S\u00f3ller, Dei\u00e0<\/strong> and <strong>Valldemossa<\/strong> combine optimal conditions: the proximity to the best observation strip and the proximity to the sea, which offer an unobstructed view of the event as well as an additional breathtaking ambience. Clear skies are expected in these areas, which further improves visibility.<\/p>\n\n\n\n<h2 class=\"wp-block-heading\">High demand for hotel rooms<\/h2>\n\n\n\n<p>The news of the forthcoming solar eclipse has already generated great demand for <strong>Hotel rooms<\/strong> on Mallorca. Especially in the places mentioned in the Tramuntana mountains, the <strong>Bookings<\/strong> has risen sharply. \"There is already a waiting list,\" explains Ram\u00f3n Garc\u00eda, the person responsible for reservations at the <strong>Jumeirah Hotel in S\u00f3ller<\/strong>. Rooms with <strong>Sea view<\/strong>which will offer guests an incomparable view of the natural spectacle.<\/p>\n\n\n\n<p>Also <strong>Llu\u00eds Rull\u00e1n<\/strong>, Head of the <strong>Hotels Los Geranios<\/strong> in Port de S\u00f3ller, reports extraordinary requests. For example, one <strong>US-American professor<\/strong> already reserved a room with a view of the sea for the event. The <strong>Hotel Continental Valldemossa<\/strong> has already recorded 20 bookings from a tour group that does not want to miss out on this rare spectacle.<\/p>\n\n\n\n<h2 class=\"wp-block-heading\">Telescopes and public events<\/h2>\n\n\n\n<p>For those who want to experience the solar eclipse particularly intensively, the <strong>Astronomical Observatory of Mallorca<\/strong> on the evening of August 12, 2026 <strong>30 telescopes<\/strong> available. These are displayed on the <strong>Mateu Canyelles soccer pitch in Inca<\/strong> and in the Observatory's facilities. The Director of the Observatory, <strong>Salvador S\u00e1nchez<\/strong>expects that around <strong>1000 persons<\/strong> will take advantage of the opportunity to view the sky through these telescopes. However, he emphasizes the importance of only looking at the sun with suitable aids in order to avoid eye injuries.<\/p>\n\n\n\n<figure class=\"wp-block-table\"><table class=\"has-fixed-layout\"><tbody><tr><th>Species (global):&nbsp;<\/th><td><a href=\"https:\/\/www.timeanddate.de\/finsternis\/totale-sonnenfinsternis\" target=\"_blank\" rel=\"noopener\">Total solar eclipse<\/a><\/td><\/tr><tr><th>Species (local):&nbsp;<\/th><td><a href=\"https:\/\/www.timeanddate.de\/finsternis\/totale-sonnenfinsternis\" target=\"_blank\" rel=\"noopener\">Total solar eclipse<\/a>&nbsp;in Palma,&nbsp;<a href=\"https:\/\/www.timeanddate.de\/finsternis\/in\/spanien\/mallorca?iso=20260812\" target=\"_blank\" rel=\"noopener\">Majorca<\/a><\/td><\/tr><tr><th>Start:&nbsp;<\/th><td>Wed, 12 Aug 2026 19:38<\/td><\/tr><tr><th>Maximum:&nbsp;<\/th><td>Wed, 12 Aug 2026, 20:31&nbsp;<a href=\"https:\/\/www.timeanddate.de\/finsternis\/magnitude-bedeckung\" target=\"_blank\" rel=\"noopener\">1.015 Magnitude<\/a><\/td><\/tr><tr><th>End:<\/th><td>Wed, 12 Aug 2026, 20:49<\/td><\/tr><tr><th>Duration:&nbsp;<\/th><td>1 hour, 11 minutes<\/td><\/tr><tr><th>Totality:&nbsp;<\/th><td>1 minute, 36 second<\/td><\/tr><\/tbody><\/table><figcaption class=\"wp-element-caption\">\u00a9timenaddate<\/figcaption><\/figure>\n\n\n\n<h3 class=\"wp-block-heading\"><strong>Conclusion: A unique event on Mallorca<\/strong><\/h3>\n\n\n\n<p>The total solar eclipse on August 12, 2026 will plunge Mallorca into darkness for two minutes, offering astronomy fans a rare and spectacular experience. The island will become the <strong>Hotspot<\/strong> for stargazers from all over the world. If you want to experience this event up close, you should book your accommodation early - the best places are already in high demand.<\/p>\n\n\n\n<p><strong>Sources for this <span class=\"islafont\">isla<\/span> Article:<\/strong><\/p>\n\n\n\n<ul class=\"wp-block-list\">\n<li><a href=\"https:\/\/www.timeanddate.de\/finsternis\/in\/spanien\/palma?iso=20260812\" target=\"_blank\" rel=\"noopener\">max. visibility in Palma, Mallorca<\/a><\/li>\n<\/ul>\n\n\n\n<p><strong><span class=\"islafont\">isla<\/span> Tip:<\/strong><\/p>\n\n\n\n<ul class=\"wp-block-list\">\n<li><a href=\"https:\/\/isla-travel.de\/en\/type\/hotel-mallorca\/\">Hotel Mallorca<\/a><\/li>\n<\/ul>","protected":false},"excerpt":{"rendered":"<p>Visitors from all over the world are expected to attend the event, which last took place in Spain in 1912. The Tramuntana mountains in particular offer the best conditions for experiencing the phenomenon.<\/p>","protected":false},"author":6,"featured_media":25972240,"comment_status":"open","ping_status":"closed","sticky":false,"template":"","format":"standard","meta":{"_acf_changed":false,"_et_pb_use_builder":"","_et_pb_old_content":"","_et_gb_content_width":"1380","footnotes":""},"categories":[1],"tags":[955,2004,239,318,152,967],"dipi_cpt_category":[],"class_list":["post-25972106","post","type-post","status-publish","format-standard","has-post-thumbnail","hentry","category-mallorca-news","tag-hotels","tag-sonne","tag-sonnenfinsternis","tag-termine","tag-tourismus","tag-tramuntana-gebirge"],"acf":[],"_links":{"self":[{"href":"https:\/\/isla-travel.de\/en\/wp-json\/wp\/v2\/posts\/25972106","targetHints":{"allow":["GET"]}}],"collection":[{"href":"https:\/\/isla-travel.de\/en\/wp-json\/wp\/v2\/posts"}],"about":[{"href":"https:\/\/isla-travel.de\/en\/wp-json\/wp\/v2\/types\/post"}],"author":[{"embeddable":true,"href":"https:\/\/isla-travel.de\/en\/wp-json\/wp\/v2\/users\/6"}],"replies":[{"embeddable":true,"href":"https:\/\/isla-travel.de\/en\/wp-json\/wp\/v2\/comments?post=25972106"}],"version-history":[{"count":10,"href":"https:\/\/isla-travel.de\/en\/wp-json\/wp\/v2\/posts\/25972106\/revisions"}],"predecessor-version":[{"id":25972822,"href":"https:\/\/isla-travel.de\/en\/wp-json\/wp\/v2\/posts\/25972106\/revisions\/25972822"}],"wp:featuredmedia":[{"embeddable":true,"href":"https:\/\/isla-travel.de\/en\/wp-json\/wp\/v2\/media\/25972240"}],"wp:attachment":[{"href":"https:\/\/isla-travel.de\/en\/wp-json\/wp\/v2\/media?parent=25972106"}],"wp:term":[{"taxonomy":"category","embeddable":true,"href":"https:\/\/isla-travel.de\/en\/wp-json\/wp\/v2\/categories?post=25972106"},{"taxonomy":"post_tag","embeddable":true,"href":"https:\/\/isla-travel.de\/en\/wp-json\/wp\/v2\/tags?post=25972106"},{"taxonomy":"dipi_cpt_category","embeddable":true,"href":"https:\/\/isla-travel.de\/en\/wp-json\/wp\/v2\/dipi_cpt_category?post=25972106"}],"curies":[{"name":"wp","href":"https:\/\/api.w.org\/{rel}","templated":true}]}}