{"id":25958146,"date":"2024-04-11T14:34:00","date_gmt":"2024-04-11T12:34:00","guid":{"rendered":"https:\/\/isla-travel.de\/?p=25958146"},"modified":"2024-04-16T11:53:38","modified_gmt":"2024-04-16T09:53:38","slug":"protestas-masivas-en-espana-creciente-resistencia-contra-el-turismo-de-masas-2","status":"publish","type":"post","link":"https:\/\/isla-travel.de\/es\/mallorca-magazin\/massive-proteste-in-spanien-wachsender-widerstand-gegen-massentourismus\/","title":{"rendered":"Protestas masivas en Espa\u00f1a: Creciente resistencia contra el turismo de masas"},"content":{"rendered":"<p>En Espa\u00f1a, uno de los principales destinos tur\u00edsticos del mundo, crece el descontento por los efectos negativos del turismo de masas. Esto es particularmente evidente en las recientes protestas que han causado conmoci\u00f3n en todo el pa\u00eds. Se produjeron fuertes enfrentamientos en el paseo mar\u00edtimo, donde suele reinar un ambiente vacacional: Los manifestantes gritaban improperios a los turistas y les dec\u00edan que \"se fueran a casa\". Las pancartas en las que se le\u00eda \"Turistas, marchaos a casa\" y \"Esta es nuestra tierra\" evidenciaban la creciente turismofobia que ahora tambi\u00e9n ha afectado a regiones antes pac\u00edficas como el Camino de Santiago.<\/p>\n<p>La situaci\u00f3n en las Islas Canarias, especialmente en Tenerife, es especialmente tensa. Los lugare\u00f1os se sienten abrumados por las consecuencias negativas del turismo, que incluyen la degradaci\u00f3n del medio ambiente, la escasez de viviendas, los atascos de tr\u00e1fico y la escasez de agua. La prensa regional, como el portal especializado Hosteltur y el peri\u00f3dico regional \"El Diario\", describen el archipi\u00e9lago como un polvor\u00edn.<\/p>\n<p>En respuesta, una veintena de iniciativas ciudadanas han unido sus fuerzas para formar la organizaci\u00f3n \"Canarias se agota\". Est\u00e1n planeando una serie de medidas, entre ellas una huelga de hambre indefinida e hist\u00f3ricas manifestaciones a gran escala el 20 de abril, para llamar la atenci\u00f3n sobre sus demandas. Entre ellas, la paralizaci\u00f3n de la construcci\u00f3n de nuevos hoteles y campos de golf, la introducci\u00f3n de un impuesto al alojamiento y una normativa m\u00e1s estricta para las viviendas vacacionales.<\/p>\n<p>Las protestas reflejan una profunda crisis que se est\u00e1 dejando sentir no s\u00f3lo en las Islas Canarias, sino tambi\u00e9n en otras regiones tur\u00edsticas de Espa\u00f1a como Barcelona y las Islas Baleares. Los habitantes de estas zonas est\u00e1n sufriendo las consecuencias sociales y medioambientales de la afluencia incontrolada de turistas. Aunque el presidente regional de Canarias, Fernando Clavijo, ha prometido medidas para distribuir mejor la riqueza generada por el turismo, la poblaci\u00f3n reclama soluciones m\u00e1s urgentes y sostenibles.<\/p>\n<p>Estos acontecimientos plantean importantes retos para la industria tur\u00edstica espa\u00f1ola, que representa una parte significativa del producto interior nacional. La creciente hostilidad hacia los turistas podr\u00eda tener un impacto a largo plazo en la imagen de Espa\u00f1a como destino vacacional y requiere una cuidadosa revisi\u00f3n y ajuste de la pol\u00edtica tur\u00edstica.<\/p>","protected":false},"excerpt":{"rendered":"<p>Levantamiento contra el turismo de masas: los ciudadanos espa\u00f1oles exigen un cambio - se prev\u00e9n huelgas de hambre y manifestaciones a gran escala.<\/p>","protected":false},"author":4,"featured_media":0,"comment_status":"open","ping_status":"closed","sticky":false,"template":"","format":"standard","meta":{"_acf_changed":false,"_et_pb_use_builder":"","_et_pb_old_content":"","_et_gb_content_width":"","footnotes":""},"categories":[1],"tags":[152],"dipi_cpt_category":[],"class_list":["post-25958146","post","type-post","status-publish","format-standard","hentry","category-mallorca-news","tag-tourismus"],"acf":[],"_links":{"self":[{"href":"https:\/\/isla-travel.de\/es\/wp-json\/wp\/v2\/posts\/25958146","targetHints":{"allow":["GET"]}}],"collection":[{"href":"https:\/\/isla-travel.de\/es\/wp-json\/wp\/v2\/posts"}],"about":[{"href":"https:\/\/isla-travel.de\/es\/wp-json\/wp\/v2\/types\/post"}],"author":[{"embeddable":true,"href":"https:\/\/isla-travel.de\/es\/wp-json\/wp\/v2\/users\/4"}],"replies":[{"embeddable":true,"href":"https:\/\/isla-travel.de\/es\/wp-json\/wp\/v2\/comments?post=25958146"}],"version-history":[{"count":6,"href":"https:\/\/isla-travel.de\/es\/wp-json\/wp\/v2\/posts\/25958146\/revisions"}],"predecessor-version":[{"id":25958430,"href":"https:\/\/isla-travel.de\/es\/wp-json\/wp\/v2\/posts\/25958146\/revisions\/25958430"}],"wp:attachment":[{"href":"https:\/\/isla-travel.de\/es\/wp-json\/wp\/v2\/media?parent=25958146"}],"wp:term":[{"taxonomy":"category","embeddable":true,"href":"https:\/\/isla-travel.de\/es\/wp-json\/wp\/v2\/categories?post=25958146"},{"taxonomy":"post_tag","embeddable":true,"href":"https:\/\/isla-travel.de\/es\/wp-json\/wp\/v2\/tags?post=25958146"},{"taxonomy":"dipi_cpt_category","embeddable":true,"href":"https:\/\/isla-travel.de\/es\/wp-json\/wp\/v2\/dipi_cpt_category?post=25958146"}],"curies":[{"name":"wp","href":"https:\/\/api.w.org\/{rel}","templated":true}]}}