{"id":25975124,"date":"2024-09-28T07:49:21","date_gmt":"2024-09-28T05:49:21","guid":{"rendered":"https:\/\/isla-travel.de\/?p=25975124"},"modified":"2024-09-28T07:53:00","modified_gmt":"2024-09-28T05:53:00","slug":"eurowings-despega-mas-vuelos-de-invierno-a-mallorca","status":"publish","type":"post","link":"https:\/\/isla-travel.de\/es\/mallorca-magazin\/eurowings-hebt-ab-mehr-winterfluege-nach-mallorca\/","title":{"rendered":"Eurowings despega: M\u00e1s vuelos de invierno a Mallorca"},"content":{"rendered":"<p>Oh, \u00a1el invierno! Mientras el resto de Europa est\u00e1 envuelta en abrigos y esperando las primeras nieves, Mallorca sue\u00f1a con sol y paseos por la playa. \u00bfY cu\u00e1l es la mejor forma de llegar hasta all\u00ed? Con un <strong>Eurowings<\/strong>\u00a1! La compa\u00f1\u00eda a\u00e9rea del <strong>Grupo Lufthansa<\/strong> lo ha vuelto a hacer: detiene el <strong>Calendario de vuelos de invierno<\/strong> y garantiza que la isla permanezca a su alcance incluso en la estaci\u00f3n fr\u00eda.<\/p>\n\n\n\n<figure class=\"wp-block-image size-large\"><img loading=\"lazy\" decoding=\"async\" width=\"1024\" height=\"731\" src=\"https:\/\/isla-travel.de\/wp-content\/uploads\/2024\/09\/Eurowings-1024x731.jpg\" alt=\"Eurowings Mallorca\" class=\"wp-image-25975126\"\/><figcaption class=\"wp-element-caption\">Wolfgang Weiser<\/figcaption><\/figure>\n\n\n\n<h2 class=\"wp-block-heading\">M\u00e1s conexiones, m\u00e1s amor por Mallorca<\/h2>\n\n\n\n<p>En el <strong>Horario de vuelos de invierno a partir del 27 de octubre<\/strong> hay m\u00e1s vuelos desde Palma a <strong>Colonia<\/strong>, <strong>Dortmund<\/strong>, <strong>Stuttgart<\/strong> y <strong>Berl\u00edn<\/strong>. Tambi\u00e9n <strong>Salzburgo<\/strong> tendr\u00e1 m\u00e1s vuelos - para todos aquellos que tienen que decidir si empacar el sol o los esqu\u00eds. \u00bfCu\u00e1ntos vuelos adicionales? Eso sigue siendo un secreto, pero una cosa es segura: Eurowings se asegurar\u00e1 de que pueda disfrutar de su vino caliente bajo las palmeras mallorquinas y no en la fr\u00eda Alemania o Austria.<\/p>\n\n\n\n<h2 class=\"wp-block-heading\">Esp\u00edritu navide\u00f1o: 18 veces de Hannover a la isla<\/h2>\n\n\n\n<p>Y luego viene el <strong>Magia navide\u00f1a<\/strong>: Durante las vacaciones, Eurowings vuela casi a diario desde <strong>Hannover<\/strong> a Mallorca. <strong>18 Conexiones<\/strong> para escapar del fr\u00edo invernal y disfrutar del ambiente festivo de la isla. Despu\u00e9s de todo, \u00bfqui\u00e9n dice que la Navidad s\u00f3lo es agradable con nieve? En lugar de chaquetas de invierno, Mallorca ofrece sol y el sonido del mar.<\/p>\n\n\n\n<h2 class=\"wp-block-heading\">Historia de \u00e9xito en la isla<\/h2>\n\n\n\n<p>Eurowings y Mallorca, eso es un <strong>Historia de \u00e9xito<\/strong>. La aerol\u00ednea ya ha invertido mucho en sus conexiones con Mallorca en los \u00faltimos a\u00f1os. Los meses de verano son especialmente ajetreados: desde <strong>D\u00fcsseldorf<\/strong> Eurowings despega a veces a Palma m\u00e1s de una docena de veces al d\u00eda. \u00bfY ahora tambi\u00e9n en invierno? S\u00ed, \u00a1por favor! Para que sus vacaciones de Navidad en Mallorca no se echen a perder, salvo quiz\u00e1s para darse un chapuz\u00f3n en el Mediterr\u00e1neo.<\/p>\n\n\n\n<p><strong><span class=\"islafont\">isla<\/span> Consejo de lectura:<\/strong><\/p>\n\n\n\n<ul class=\"wp-block-list\">\n<li><a href=\"https:\/\/isla-travel.de\/es\/revista-de-mallorca\/navidad-y-ano-nuevo-2024-en-mallorca-uvas-de-luz-y-fiesta-de-la-historia\/\">Navidad y Fin de A\u00f1o 2024 en Mallorca<\/a><\/li>\n\n\n\n<li><a href=\"https:\/\/isla-travel.de\/es\/revista-de-mallorca\/el-globo-aerostatico-eurowings-despega-en-mallorca-una-broma-de-abril-aprende-a-volar\/\">El globo aerost\u00e1tico de Eurowings despega de Mallorca<\/a><\/li>\n<\/ul>","protected":false},"excerpt":{"rendered":"<p>M\u00e1s vuelos, m\u00e1s sol: Eurowings ampl\u00eda su programa de vuelos de invierno 2024 y ofrece conexiones adicionales desde Palma a Alemania. \u00a1Viva la Navidad en Mallorca!<\/p>","protected":false},"author":6,"featured_media":25975126,"comment_status":"open","ping_status":"closed","sticky":false,"template":"","format":"standard","meta":{"_acf_changed":false,"_et_pb_use_builder":"off","_et_pb_old_content":"","_et_gb_content_width":"1380","footnotes":""},"categories":[1],"tags":[2051,2306,2303,2305,2307,2304],"dipi_cpt_category":[],"class_list":["post-25975124","post","type-post","status-publish","format-standard","has-post-thumbnail","hentry","category-mallorca-news","tag-ausflugstipp-mallorca","tag-eurowings-palma-fluege-winter","tag-eurowings-winterflugplan-mallorca-2024","tag-fluege-hannover-mallorca-weihnachten","tag-mallorca-fluege-dezember-2024","tag-mallorca-weihnachtsfluege-eurowings"],"acf":[],"_links":{"self":[{"href":"https:\/\/isla-travel.de\/es\/wp-json\/wp\/v2\/posts\/25975124","targetHints":{"allow":["GET"]}}],"collection":[{"href":"https:\/\/isla-travel.de\/es\/wp-json\/wp\/v2\/posts"}],"about":[{"href":"https:\/\/isla-travel.de\/es\/wp-json\/wp\/v2\/types\/post"}],"author":[{"embeddable":true,"href":"https:\/\/isla-travel.de\/es\/wp-json\/wp\/v2\/users\/6"}],"replies":[{"embeddable":true,"href":"https:\/\/isla-travel.de\/es\/wp-json\/wp\/v2\/comments?post=25975124"}],"version-history":[{"count":5,"href":"https:\/\/isla-travel.de\/es\/wp-json\/wp\/v2\/posts\/25975124\/revisions"}],"predecessor-version":[{"id":25975132,"href":"https:\/\/isla-travel.de\/es\/wp-json\/wp\/v2\/posts\/25975124\/revisions\/25975132"}],"wp:featuredmedia":[{"embeddable":true,"href":"https:\/\/isla-travel.de\/es\/wp-json\/wp\/v2\/media\/25975126"}],"wp:attachment":[{"href":"https:\/\/isla-travel.de\/es\/wp-json\/wp\/v2\/media?parent=25975124"}],"wp:term":[{"taxonomy":"category","embeddable":true,"href":"https:\/\/isla-travel.de\/es\/wp-json\/wp\/v2\/categories?post=25975124"},{"taxonomy":"post_tag","embeddable":true,"href":"https:\/\/isla-travel.de\/es\/wp-json\/wp\/v2\/tags?post=25975124"},{"taxonomy":"dipi_cpt_category","embeddable":true,"href":"https:\/\/isla-travel.de\/es\/wp-json\/wp\/v2\/dipi_cpt_category?post=25975124"}],"curies":[{"name":"wp","href":"https:\/\/api.w.org\/{rel}","templated":true}]}}