{"id":25978456,"date":"2024-11-23T05:00:00","date_gmt":"2024-11-23T04:00:00","guid":{"rendered":"https:\/\/isla-travel.de\/?p=25978456"},"modified":"2024-11-27T23:01:24","modified_gmt":"2024-11-27T22:01:24","slug":"el-fin-de-semana-en-mallorca-luces-festivas-glamour-escandinavo-y-ritmos-rockeros","status":"publish","type":"post","link":"https:\/\/isla-travel.de\/es\/mallorca-magazin\/am-wochenende-auf-mallorca-festliche-lichter-skandinavischer-glanz-und-rockige-rhythmen\/","title":{"rendered":"En Mallorca el fin de semana: luces festivas, glamour escandinavo y ritmos rockeros"},"content":{"rendered":"<p>Mallorca da el pistoletazo de salida a la temporada prenavide\u00f1a este fin de semana (23 y 24 de noviembre), \u00a1y de qu\u00e9 manera! Palma estar\u00e1 resplandeciente de luces, la magia navide\u00f1a sueca atraer\u00e1 a los visitantes a la Av. Joan Mir\u00f3 y el rock indie encender\u00e1 Es Gremi. Tambi\u00e9n hay eventos culturales y ben\u00e9ficos que apelan a todos los sentidos.<\/p>\n\n\n\n<figure class=\"wp-block-image size-large\"><img loading=\"lazy\" decoding=\"async\" width=\"1024\" height=\"683\" src=\"https:\/\/isla-travel.de\/wp-content\/uploads\/2024\/11\/Glaskugeln-Weihnachten-1024x683.jpg\" alt=\"Adornos navide\u00f1os de cristal Mallorca\" class=\"wp-image-25978460\"\/><figcaption class=\"wp-element-caption\">\u00a9freestocks<\/figcaption><\/figure>\n\n\n\n<h2 class=\"wp-block-heading\"><strong>Luces m\u00e1gicas en Palma: el gran momento<\/strong><\/h2>\n\n\n\n<p><br>El s\u00e1bado 23 de noviembre por la noche, Palma volver\u00e1 a convertirse en el centro festivo de la isla. A partir de las 19:00 horas comenzar\u00e1n tres desfiles que llevar\u00e1n trajes futuristas y colores brillantes por las calles del centro de la ciudad. Las rutas: Desde la calle Riera por la calle Uni\u00f3 hasta la plaza Joan Carles I, desde el parque Sa Feixina hasta la avenida Antoni Maura y desde la calle Sant Miquel por la plaza Major hasta la plaza del ayuntamiento.<\/p>\n\n\n\n<p>A partir de las 19.40 h, las plazas centrales se transforman en escenarios creativos: Circ Bover realizar\u00e1 acrobacias en la Pla\u00e7a Mercat, bailarines contar\u00e1n cuentos de hadas en la Pla\u00e7a de la Reina y se crear\u00e1n pinturas de arena en movimiento que recuerdan los or\u00edgenes del universo en la plaza del ayuntamiento. El momento culminante llegar\u00e1 a las 20.30 horas con la gran cuenta atr\u00e1s, cuando las luces se enciendan en 226 calles de Palma.<\/p>\n\n\n\n<h2 class=\"wp-block-heading\"><strong>Julbasar: Navidad sueca en Palma<\/strong><\/h2>\n\n\n\n<p><br>El s\u00e1bado y el domingo (23\/24 de noviembre), el mercado navide\u00f1o sueco de la Av. Joan Mir\u00f3 113 trae el encanto escandinavo a Mallorca. De 13:00 a 20:00 horas, gl\u00f6gg, pepparkakor y productos artesanales le invitan a dar la bienvenida a las fiestas al estilo n\u00f3rdico. La entrada es gratuita y el ambiente es tan relajado como c\u00e1lido: una recomendaci\u00f3n para los amantes de la Navidad.<\/p>\n\n\n\n<h2 class=\"wp-block-heading\"><strong>Hitos culturales y musicales<\/strong><\/h2>\n\n\n\n<p><br>En el Teatre Principal, Jos\u00e9 Sacrist\u00e1n deleitar\u00e1 al p\u00fablico el s\u00e1bado y el domingo a las 18 h con \"La colecci\u00f3n\" de Juan Mayorga. Los que prefieran una experiencia m\u00e1s rockera podr\u00e1n disfrutar del grupo indie espa\u00f1ol Le\u00f3n Benavente en Es Gremi. El s\u00e1bado a las 22 h, la banda presentar\u00e1 su nuevo \u00e1lbum \"Nueva sinfon\u00eda sobre el caos\". El sentimiento de Broadway lo pone \"Chicago\" en el Audit\u00f3rium Palma. Hay funciones el s\u00e1bado y el domingo, las entradas a partir de 45 euros est\u00e1n disponibles en <a href=\"https:\/\/auditoriumpalma.koobin.com \">https:\/\/auditoriumpalma.koobin.com <\/a>disponible.<\/p>\n\n\n\n<h2 class=\"wp-block-heading\"><strong>Por una buena causa: evangelio y lecturas<\/strong><\/h2>\n\n\n\n<p><br>Tambi\u00e9n hay una buena causa en la que pensar: En Sa R\u00e1pita, el Palma Gospel Choir actuar\u00e1 el domingo a las 18 h en la iglesia de Santa Coloma. La recaudaci\u00f3n se destinar\u00e1 a las v\u00edctimas de las inundaciones en Valencia. En la finca cultural Son Baul\u00f3 de Lloret de Vistalegre, el experto en islas Axel Thorer leer\u00e1 el domingo a las 13 h su nueva novela \"Ausgedient\". Podr\u00e1 empezar el d\u00eda con un brunch buffet oto\u00f1al a partir de las 11 de la ma\u00f1ana. Inscripci\u00f3n obligatoria: <a href=\"https:\/\/son-baulo.de\/Veranstaltung\/axel-thorer-liest-moderiert-2\/?instance_id=1519\" data-type=\"link\" data-id=\"https:\/\/son-baulo.de\/Veranstaltung\/axel-thorer-liest-moderiert-2\/?instance_id=1519\" target=\"_blank\" rel=\"noopener\">https:\/\/son-baulo.de\/Veranstaltung\/axel-thorer-liest-moderiert-2\/?instance_id=1519<\/a><\/p>\n\n\n\n<h2 class=\"wp-block-heading\"><strong>Un fin de semana lleno de variedad<\/strong><\/h2>\n\n\n\n<p><br>Mallorca muestra su mejor cara este fin de semana. Ya sea dej\u00e1ndose hechizar por las resplandecientes luces de Palma, saboreando delicias suecas o rockeando al ritmo de melod\u00edas rockeras, la isla le invita a dar la bienvenida al Adviento con un fin de semana especial.<\/p>\n\n\n\n<p><strong><span class=\"islafont\">isla<\/span> Consejo de lectura:<\/strong><\/p>\n\n\n\n<p><a href=\"https:\/\/isla-travel.de\/es\/directorio-de-eventos\/\">CALENDARIO DE EVENTOS Mallorca<\/a><\/p>\n\n\n\n<p><a href=\"https:\/\/isla-travel.de\/es\/revista-de-mallorca\/las-luces-de-navidad-de-palmas-un-espectaculo-que-deslumbra-los-sentidos\/\">Las luces de Navidad de Palma: un espect\u00e1culo que deslumbra los sentidos<\/a><\/p>","protected":false},"excerpt":{"rendered":"<p>Mallorca se ilumina: Luces navide\u00f1as, bazar de Yule y cultura: un fin de semana lleno de actividades destacadas en la isla.<\/p>","protected":false},"author":6,"featured_media":25978460,"comment_status":"open","ping_status":"closed","sticky":false,"template":"","format":"standard","meta":{"_acf_changed":false,"_et_pb_use_builder":"off","_et_pb_old_content":"","_et_gb_content_width":"1380","footnotes":""},"categories":[1,2213],"tags":[2797,2800,2801,2795,2799,2802,2798,2796],"dipi_cpt_category":[],"class_list":["post-25978456","post","type-post","status-publish","format-standard","has-post-thumbnail","hentry","category-mallorca-news","category-event-kalender","tag-axel-thorer-lesung-mallorca","tag-gospel-sa-rapita","tag-jose-sacristan-teatre-principal","tag-julbasar-palma","tag-leon-benavente-mallorca","tag-mallorca-adventszeit-2024","tag-musical-chicago-palma","tag-weihnachtsbeleuchtung-palma"],"acf":[],"_links":{"self":[{"href":"https:\/\/isla-travel.de\/es\/wp-json\/wp\/v2\/posts\/25978456","targetHints":{"allow":["GET"]}}],"collection":[{"href":"https:\/\/isla-travel.de\/es\/wp-json\/wp\/v2\/posts"}],"about":[{"href":"https:\/\/isla-travel.de\/es\/wp-json\/wp\/v2\/types\/post"}],"author":[{"embeddable":true,"href":"https:\/\/isla-travel.de\/es\/wp-json\/wp\/v2\/users\/6"}],"replies":[{"embeddable":true,"href":"https:\/\/isla-travel.de\/es\/wp-json\/wp\/v2\/comments?post=25978456"}],"version-history":[{"count":6,"href":"https:\/\/isla-travel.de\/es\/wp-json\/wp\/v2\/posts\/25978456\/revisions"}],"predecessor-version":[{"id":25978476,"href":"https:\/\/isla-travel.de\/es\/wp-json\/wp\/v2\/posts\/25978456\/revisions\/25978476"}],"wp:featuredmedia":[{"embeddable":true,"href":"https:\/\/isla-travel.de\/es\/wp-json\/wp\/v2\/media\/25978460"}],"wp:attachment":[{"href":"https:\/\/isla-travel.de\/es\/wp-json\/wp\/v2\/media?parent=25978456"}],"wp:term":[{"taxonomy":"category","embeddable":true,"href":"https:\/\/isla-travel.de\/es\/wp-json\/wp\/v2\/categories?post=25978456"},{"taxonomy":"post_tag","embeddable":true,"href":"https:\/\/isla-travel.de\/es\/wp-json\/wp\/v2\/tags?post=25978456"},{"taxonomy":"dipi_cpt_category","embeddable":true,"href":"https:\/\/isla-travel.de\/es\/wp-json\/wp\/v2\/dipi_cpt_category?post=25978456"}],"curies":[{"name":"wp","href":"https:\/\/api.w.org\/{rel}","templated":true}]}}