{"id":25987983,"date":"2025-05-05T16:24:23","date_gmt":"2025-05-05T14:24:23","guid":{"rendered":"https:\/\/isla-travel.de\/?p=25987983"},"modified":"2025-05-05T16:24:27","modified_gmt":"2025-05-05T14:24:27","slug":"alquiler-de-coches-para-ninos","status":"publish","type":"post","link":"https:\/\/isla-travel.de\/es\/mallorca-magazin\/mietwagen-kind-kindersitz\/","title":{"rendered":"\"Sillas infantiles y coches de alquiler: lo que las familias deben saber\""},"content":{"rendered":"<h2 class=\"wp-block-heading\">Viajar seguro por Mallorca - con un ni\u00f1o, normas claras y el asiento adecuado<\/h2>\n\n\n\n<p>Mallorca es uno de los destinos favoritos de las familias. Sol, playa, poco tiempo de vuelo... pero muchos no se dan cuenta hasta despu\u00e9s de aterrizar: Incluso en la isla de vacaciones se aplican normas cuando los ni\u00f1os viajan en coche.<\/p>\n\n\n\n<p>Cualquiera que reserve un coche de alquiler debe ser consciente de ello, <strong>Qu\u00e9 asiento infantil es obligatorio<\/strong>d\u00f3nde puede sentarse el ni\u00f1o - y qu\u00e9 ocurre si falta el asiento adecuado. La normativa en Espa\u00f1a es a veces diferente de la alemana. Le explicamos lo que es importante. Sin alarmismos, sin letra peque\u00f1a.<\/p>\n\n\n\n<div style=\"height:1em\" aria-hidden=\"true\" class=\"wp-block-spacer\"><\/div>\n\n\n\n<h2 class=\"wp-block-heading\">\ud83d\udccf \u00bfQu\u00e9 se aplica en Espa\u00f1a? - Las normativas m\u00e1s importantes sobre sillas infantiles obligatorias<\/h2>\n\n\n\n<p>Espa\u00f1a tiene normas claras sobre el transporte de ni\u00f1os en coche. <strong>tambi\u00e9n en un coche de alquiler<\/strong> y se controlan.<\/p>\n\n\n\n<h3 class=\"wp-block-heading\">La regla de oro:<\/h3>\n\n\n\n<p>Ni\u00f1os menores de <strong>135 cm de altura<\/strong> mayo <strong>no en el asiento del pasajero<\/strong> a menos que el asiento trasero ya est\u00e9 ocupado por asientos infantiles o falte. En este caso, debe desactivarse el airbag del acompa\u00f1ante.<\/p>\n\n\n\n<h3 class=\"wp-block-heading\">La obligaci\u00f3n legal:<\/h3>\n\n\n\n<ul class=\"wp-block-list\">\n<li><strong>Beb\u00e9s de hasta 13 kg aprox.<\/strong>: <strong>Silla de auto para beb\u00e9s orientada hacia atr\u00e1s<\/strong> (Grupo ECE 0\/0+)<\/li>\n\n\n\n<li><strong>Ni\u00f1os de 9 a 18 kg<\/strong>: <strong>Silla infantil con arn\u00e9s<\/strong> (Grupo I de la CEPE)<\/li>\n\n\n\n<li><strong>Ni\u00f1os de 15 kg a 36 kg o 135 cm<\/strong>: <strong>Asiento elevador con respaldo<\/strong> (ECE Grupo II\/III)<\/li>\n\n\n\n<li>A partir de 135 cm: cintur\u00f3n de seguridad obligatorio, pero el asiento ya no es necesario<\/li>\n<\/ul>\n\n\n\n<p><strong>Atenci\u00f3n:<\/strong> A diferencia de Alemania, donde 150 cm de altura son decisivos, en Espa\u00f1a la obligaci\u00f3n de sentarse termina <strong>a 135 cm<\/strong> - no la edad.<\/p>\n\n\n\n<p>\ud83d\udc49 <strong>Viajar con seguridad puede costar dinero<\/strong> - incluso en un coche de alquiler.<br>\ud83d\udc49 Quien conduzca sin un asiento adecuado se arriesga a una multa de 100 euros o m\u00e1s.<br>\ud83d\udc49 No hay excepciones para \"un viaje r\u00e1pido a la playa\" en los controles policiales.<\/p>\n\n\n\n<p>\ud83d\udccc Fuente: <a href=\"https:\/\/www.adac.de\/rund-ums-fahrzeug\/ausstattung-technik-zubehoer\/kindersitze\/kindersitzberater\/kindersitzpflicht\/\" target=\"_blank\" rel=\"noopener\">Asiento infantil obligatorio ADAC Europa<\/a><\/p>\n\n\n\n<div style=\"height:1em\" aria-hidden=\"true\" class=\"wp-block-spacer\"><\/div>\n\n\n\n<h2 class=\"wp-block-heading\">\ud83d\ude97 \u00bfQu\u00e9 ofrecen los proveedores de alquiler de coches y qu\u00e9 deben saber los padres?<\/h2>\n\n\n\n<p>Muchas familias asumen que un asiento infantil es simplemente parte del paquete al reservar un coche de alquiler. En realidad, es <strong>no es una cuesti\u00f3n de rutina<\/strong> - y regulados de forma muy diferente seg\u00fan el proveedor.<\/p>\n\n\n\n<h3 class=\"wp-block-heading\">Opciones claras, selecci\u00f3n f\u00e1cil con nuestro socio Sunny Cars<\/h3>\n\n\n\n<p>Si alquila un coche a trav\u00e9s de <a href=\"https:\/\/isla-travel.de\/es\/alquiler-de-coches\/\">isla-travel.com\/alquiler-de-coches<\/a> reserva obtiene acceso al sistema de reservas de <strong>Coches soleados<\/strong>un proveedor que tenga en cuenta las necesidades familiares.<\/p>\n\n\n\n<p><strong>Por regla general, se proporcionan los siguientes:<\/strong><\/p>\n\n\n\n<ul class=\"wp-block-list\">\n<li><strong>Sillas de coche para beb\u00e9s<\/strong> (0-13 kg)<\/li>\n\n\n\n<li><strong>Asientos infantiles<\/strong> (9-18 kg)<\/li>\n\n\n\n<li><strong>Asientos elevadores con respaldo<\/strong> (15-36 kg)<\/li>\n<\/ul>\n\n\n\n<p>La categor\u00eda del asiento puede seleccionarse al hacer la reserva <strong>seleccionado directamente<\/strong> seleccionarse. En algunos casos, la selecci\u00f3n s\u00f3lo se indica como \"asiento infantil\"; a continuaci\u00f3n, se selecciona el modelo espec\u00edfico en funci\u00f3n de la informaci\u00f3n sobre la edad facilitada por el proveedor.<\/p>\n\n\n\n<p>\ud83d\udccc <strong>Es importante saberlo:<\/strong><\/p>\n\n\n\n<ul class=\"wp-block-list\">\n<li>En <strong>Tasa por un asiento infantil<\/strong> suele oscilar entre 5 y 10 euros al d\u00eda, a menudo con un importe m\u00e1ximo por alquiler.<\/li>\n\n\n\n<li>El pago suele efectuarse <strong>in situ<\/strong>no por adelantado.<\/li>\n\n\n\n<li><strong>No todos los proveedores tienen todas las plazas<\/strong> en stock, sobre todo en temporada alta.<\/li>\n\n\n\n<li><strong>Traiga sus propios asientos<\/strong> es posible, pero voluminoso, y a veces existe el riesgo de que se da\u00f1e durante el transporte en avi\u00f3n.<\/li>\n<\/ul>\n\n\n\n<p>Nuestro consejo: <strong>Reserve con antelaci\u00f3n y especifique la categor\u00eda del asiento<\/strong>especialmente cuando se viaja con beb\u00e9s o varios ni\u00f1os.<\/p>\n\n\n\n<div style=\"height:1em\" aria-hidden=\"true\" class=\"wp-block-spacer\"><\/div>\n\n\n\n<h2 class=\"wp-block-heading\">\ud83e\udde9 \u00bfQu\u00e9 hacer si...? - Respuestas a las preguntas m\u00e1s frecuentes de los padres<\/h2>\n\n\n\n<p>Los padres piensan por s\u00ed mismos. Y eso es bueno. Sobre todo cuando se viaja, surgen muchas preguntas del tipo \"Y si...\". He aqu\u00ed las m\u00e1s importantes, claramente contestadas:<\/p>\n\n\n\n<div style=\"height:1em\" aria-hidden=\"true\" class=\"wp-block-spacer\"><\/div>\n\n\n\n<h3 class=\"wp-block-heading\">\u2753 <strong>\u00bfQu\u00e9 ocurre si el asiento infantil reservado no est\u00e1 disponible?<\/strong><\/h3>\n\n\n\n<p>Esto rara vez ocurre, pero puede suceder, sobre todo en temporada alta. Nuestra recomendaci\u00f3n:<\/p>\n\n\n\n<ul class=\"wp-block-list\">\n<li>Asiento <strong>especificar con antelaci\u00f3n al hacer la reserva<\/strong>no s\u00f3lo in situ.<\/li>\n\n\n\n<li>Inmediatamente despu\u00e9s de la llegada <strong>Consultar disponibilidad<\/strong>Si es necesario, presente una denuncia.<\/li>\n\n\n\n<li>En caso de problemas: P\u00f3ngase en contacto con la l\u00ednea directa de Sunny Cars: r\u00e1pida, de habla alemana y orientada a encontrar soluciones.<\/li>\n<\/ul>\n\n\n\n<div style=\"height:1em\" aria-hidden=\"true\" class=\"wp-block-spacer\"><\/div>\n\n\n\n<h3 class=\"wp-block-heading\">\u2753 <strong>\u00bfEl asiento est\u00e1 limpio y sin da\u00f1os?<\/strong><\/h3>\n\n\n\n<p>La mayor\u00eda de los proveedores limpian y revisan los asientos infantiles con regularidad. No obstante: <strong>Compruebe brevemente<\/strong> nunca est\u00e1 de m\u00e1s. Correas, acolchado, cierres: todo debe estar intacto y limpio. Si no est\u00e1 seguro, puede insistir en que se lo cambien.<\/p>\n\n\n\n<div style=\"height:1em\" aria-hidden=\"true\" class=\"wp-block-spacer\"><\/div>\n\n\n\n<h3 class=\"wp-block-heading\">\u2753 <strong>\u00bfPuedo llevar mi propio asiento infantil?<\/strong><\/h3>\n\n\n\n<p>S\u00ed, pero..:<\/p>\n\n\n\n<ul class=\"wp-block-list\">\n<li><strong>Respetar las normas de las compa\u00f1\u00edas a\u00e9reas<\/strong> (sobre todo como equipaje voluminoso)<\/li>\n\n\n\n<li>El modelo de sede propia debe desarrollarse en Espa\u00f1a <strong>autorizado<\/strong> sea<\/li>\n\n\n\n<li><strong>Sin recargo con Sunny Cars<\/strong>ya que no se alquila ning\u00fan asiento<br>Esto vale la pena si el ni\u00f1o conoce su propio asiento y se siente c\u00f3modo en \u00e9l, sobre todo en los viajes largos.<\/li>\n<\/ul>\n\n\n\n<div style=\"height:1em\" aria-hidden=\"true\" class=\"wp-block-spacer\"><\/div>\n\n\n\n<h3 class=\"wp-block-heading\">\u2753 <strong>\u00bfPuede mi hijo sentarse delante si no ve bien detr\u00e1s?<\/strong><\/h3>\n\n\n\n<p>S\u00f3lo en determinadas condiciones:<\/p>\n\n\n\n<ul class=\"wp-block-list\">\n<li>\u00bfNi\u00f1o menor de 135 cm? Entonces <strong>s\u00f3lo en el asiento del acompa\u00f1ante<\/strong>si el asiento trasero est\u00e1 ocupado o no est\u00e1 disponible.<\/li>\n\n\n\n<li><strong>El airbag debe estar desactivado<\/strong> cuando el asiento est\u00e1 orientado hacia atr\u00e1s.<\/li>\n\n\n\n<li>Para ni\u00f1os mayores: <strong>La parte trasera es m\u00e1s segura - mejor debido a la zona de deformaci\u00f3n.<\/strong><\/li>\n<\/ul>\n\n\n\n<div style=\"height:1em\" aria-hidden=\"true\" class=\"wp-block-spacer\"><\/div>\n\n\n\n<h2 class=\"wp-block-heading\">\ud83e\uddfe Bien preparado, seguro en la carretera, incluso de vacaciones en Mallorca<\/h2>\n\n\n\n<p>Un coche de alquiler ofrece flexibilidad a las familias, sobre todo en una isla como Mallorca. Pero la flexibilidad necesita seguridad.<br>Un asiento infantil adecuado no es opcional, sino obligatorio. Espa\u00f1a tiene una normativa clara que tambi\u00e9n se aplica a los turistas.<\/p>\n\n\n\n<p>Con Sunny Cars - se puede reservar a trav\u00e9s de <a href=\"https:\/\/isla-travel.de\/es\/alquiler-de-coches\/\">isla-travel.com\/alquiler-de-coches<\/a> - ambos pueden combinarse:<br><strong>Reserva clara, ejecuci\u00f3n jur\u00eddicamente segura, asientos adecuados in situ.<\/strong><\/p>\n\n\n\n<p>Los padres deben reservar la silla con tiempo, comprobar si se ajusta a su talla y no dudar en ponerse en contacto con nosotros o con el proveedor si tienen alguna pregunta. Si empiezas bien preparado, no empezar\u00e1s las vacaciones con estr\u00e9s, sino con una sensaci\u00f3n de seguridad.<\/p>\n\n\n\n<div style=\"height:1em\" aria-hidden=\"true\" class=\"wp-block-spacer\"><\/div>\n\n\n\n<h3 class=\"wp-block-heading\">\ud83d\udd17 Consejos de lectura sobre el tema del alquiler de coches con ni\u00f1os<\/h3>\n\n\n\n<ul class=\"wp-block-list\">\n<li><a href=\"https:\/\/isla-travel.de\/es\/alquiler-de-coches\/\">isla-travel.com\/alquiler-de-coches<\/a> <\/li>\n\n\n\n<li><a href=\"https:\/\/isla-travel.de\/es\/revista-de-mallorca\/mallorca-en-coche-roadtrips\/\">\"Mallorca en coche - y 5 de los viajes por carretera m\u00e1s bonitos\"<\/a><\/li>\n\n\n\n<li><a href=\"https:\/\/www.adac.de\/rund-ums-fahrzeug\/ausstattung-technik-zubehoer\/kindersitze\/kindersitzberater\/kindersitzpflicht\/\" target=\"_blank\" rel=\"noopener\">ADAC - Obligaci\u00f3n de asiento infantil Espa\u00f1a<\/a><\/li>\n<\/ul>","protected":false},"excerpt":{"rendered":"<p>Seguridad en un coche de alquiler: lo que las familias deben saber sobre las sillas infantiles obligatorias en Mallorca, desde la normativa hasta consejos para la reserva.<\/p>","protected":false},"author":1,"featured_media":25987985,"comment_status":"open","ping_status":"closed","sticky":false,"template":"","format":"standard","meta":{"_acf_changed":false,"_et_pb_use_builder":"off","_et_pb_old_content":"","_et_gb_content_width":"","footnotes":""},"categories":[1],"tags":[355,209],"dipi_cpt_category":[],"class_list":["post-25987983","post","type-post","status-publish","format-standard","has-post-thumbnail","hentry","category-mallorca-news","tag-mietwagen","tag-urlaub-mit-kindern"],"acf":[],"_links":{"self":[{"href":"https:\/\/isla-travel.de\/es\/wp-json\/wp\/v2\/posts\/25987983","targetHints":{"allow":["GET"]}}],"collection":[{"href":"https:\/\/isla-travel.de\/es\/wp-json\/wp\/v2\/posts"}],"about":[{"href":"https:\/\/isla-travel.de\/es\/wp-json\/wp\/v2\/types\/post"}],"author":[{"embeddable":true,"href":"https:\/\/isla-travel.de\/es\/wp-json\/wp\/v2\/users\/1"}],"replies":[{"embeddable":true,"href":"https:\/\/isla-travel.de\/es\/wp-json\/wp\/v2\/comments?post=25987983"}],"version-history":[{"count":1,"href":"https:\/\/isla-travel.de\/es\/wp-json\/wp\/v2\/posts\/25987983\/revisions"}],"predecessor-version":[{"id":25987986,"href":"https:\/\/isla-travel.de\/es\/wp-json\/wp\/v2\/posts\/25987983\/revisions\/25987986"}],"wp:featuredmedia":[{"embeddable":true,"href":"https:\/\/isla-travel.de\/es\/wp-json\/wp\/v2\/media\/25987985"}],"wp:attachment":[{"href":"https:\/\/isla-travel.de\/es\/wp-json\/wp\/v2\/media?parent=25987983"}],"wp:term":[{"taxonomy":"category","embeddable":true,"href":"https:\/\/isla-travel.de\/es\/wp-json\/wp\/v2\/categories?post=25987983"},{"taxonomy":"post_tag","embeddable":true,"href":"https:\/\/isla-travel.de\/es\/wp-json\/wp\/v2\/tags?post=25987983"},{"taxonomy":"dipi_cpt_category","embeddable":true,"href":"https:\/\/isla-travel.de\/es\/wp-json\/wp\/v2\/dipi_cpt_category?post=25987983"}],"curies":[{"name":"wp","href":"https:\/\/api.w.org\/{rel}","templated":true}]}}