{"id":25958146,"date":"2024-04-11T14:34:00","date_gmt":"2024-04-11T12:34:00","guid":{"rendered":"https:\/\/isla-travel.de\/?p=25958146"},"modified":"2024-04-16T11:53:38","modified_gmt":"2024-04-16T09:53:38","slug":"manifestations-massives-en-espagne-la-resistance-au-tourisme-de-masse-sintensifie","status":"publish","type":"post","link":"https:\/\/isla-travel.de\/fr\/mallorca-magazin\/massive-proteste-in-spanien-wachsender-widerstand-gegen-massentourismus\/","title":{"rendered":"Manifestations massives en Espagne : Opposition croissante au tourisme de masse"},"content":{"rendered":"<p>En Espagne, l'une des premi\u00e8res destinations touristiques au monde, le m\u00e9contentement contre les effets n\u00e9gatifs du tourisme de masse ne cesse de cro\u00eetre. Les r\u00e9centes actions de protestation qui ont fait sensation dans tout le pays en sont la preuve la plus \u00e9clatante. Sur le front de mer, o\u00f9 r\u00e8gne habituellement une ambiance de vacances, des affrontements bruyants ont eu lieu : Des manifestants ont insult\u00e9 des touristes et leur ont demand\u00e9 de \"rentrer chez eux\". Des pancartes sur lesquelles on pouvait lire \"Tourists go home\" (les touristes rentrent chez eux) et \"Esta es nuestra tierra\" (c'est notre terre) t\u00e9moignaient de la mont\u00e9e de la phobie du tourisme, qui touche d\u00e9sormais des r\u00e9gions autrefois paisibles comme le Chemin de Saint-Jacques.<\/p>\n<p>La situation est particuli\u00e8rement tendue dans les \u00eeles Canaries, en particulier \u00e0 Tenerife. Les habitants se sentent d\u00e9pass\u00e9s par les cons\u00e9quences n\u00e9gatives du tourisme, parmi lesquelles la d\u00e9gradation de l'environnement, la p\u00e9nurie de logements, les embouteillages et le manque d'eau. La presse r\u00e9gionale, comme le portail sp\u00e9cialis\u00e9 Hosteltur et le journal r\u00e9gional El Diario, d\u00e9crit l'archipel comme une poudri\u00e8re.<\/p>\n<p>En r\u00e9action, une vingtaine d'initiatives citoyennes se sont regroup\u00e9es au sein de l'organisation \"Canarias se agota\" (Les Canaries sont \u00e0 la limite). Ils pr\u00e9voient une s\u00e9rie d'actions, dont une gr\u00e8ve de la faim illimit\u00e9e et de grandes manifestations historiques le 20 avril, pour attirer l'attention sur leurs revendications. Parmi celles-ci figurent le gel de la construction de nouveaux h\u00f4tels et terrains de golf, l'introduction d'une taxe sur les nuit\u00e9es et une r\u00e9glementation plus stricte des appartements de vacances.<\/p>\n<p>Les protestations refl\u00e8tent une crise profonde qui n'est pas seulement ressentie aux Canaries, mais \u00e9galement dans d'autres r\u00e9gions d'Espagne \u00e0 vocation touristique comme Barcelone et les Bal\u00e9ares. Les habitants de ces r\u00e9gions souffrent des cons\u00e9quences sociales et environnementales de l'afflux effr\u00e9n\u00e9 de touristes. Le pr\u00e9sident r\u00e9gional des Canaries, Fernando Clavijo, a certes promis des mesures visant \u00e0 mieux r\u00e9partir les richesses g\u00e9n\u00e9r\u00e9es par le tourisme, mais la population r\u00e9clame des solutions plus urgentes et plus durables.<\/p>\n<p>Ces d\u00e9veloppements posent des d\u00e9fis majeurs \u00e0 l'industrie touristique espagnole, qui repr\u00e9sente une part importante du produit int\u00e9rieur national. L'hostilit\u00e9 croissante envers les touristes pourrait avoir un impact \u00e0 long terme sur l'image de l'Espagne en tant que destination touristique et n\u00e9cessite un examen attentif et une adaptation de la politique touristique.<\/p>","protected":false},"excerpt":{"rendered":"<p>R\u00e9volte contre le tourisme de masse : les citoyens espagnols exigent des changements - Gr\u00e8ves de la faim et grandes manifestations pr\u00e9vues.<\/p>","protected":false},"author":4,"featured_media":0,"comment_status":"open","ping_status":"closed","sticky":false,"template":"","format":"standard","meta":{"_acf_changed":false,"_et_pb_use_builder":"","_et_pb_old_content":"","_et_gb_content_width":"","footnotes":""},"categories":[1],"tags":[152],"dipi_cpt_category":[],"class_list":["post-25958146","post","type-post","status-publish","format-standard","hentry","category-mallorca-news","tag-tourismus"],"acf":[],"_links":{"self":[{"href":"https:\/\/isla-travel.de\/fr\/wp-json\/wp\/v2\/posts\/25958146","targetHints":{"allow":["GET"]}}],"collection":[{"href":"https:\/\/isla-travel.de\/fr\/wp-json\/wp\/v2\/posts"}],"about":[{"href":"https:\/\/isla-travel.de\/fr\/wp-json\/wp\/v2\/types\/post"}],"author":[{"embeddable":true,"href":"https:\/\/isla-travel.de\/fr\/wp-json\/wp\/v2\/users\/4"}],"replies":[{"embeddable":true,"href":"https:\/\/isla-travel.de\/fr\/wp-json\/wp\/v2\/comments?post=25958146"}],"version-history":[{"count":6,"href":"https:\/\/isla-travel.de\/fr\/wp-json\/wp\/v2\/posts\/25958146\/revisions"}],"predecessor-version":[{"id":25958430,"href":"https:\/\/isla-travel.de\/fr\/wp-json\/wp\/v2\/posts\/25958146\/revisions\/25958430"}],"wp:attachment":[{"href":"https:\/\/isla-travel.de\/fr\/wp-json\/wp\/v2\/media?parent=25958146"}],"wp:term":[{"taxonomy":"category","embeddable":true,"href":"https:\/\/isla-travel.de\/fr\/wp-json\/wp\/v2\/categories?post=25958146"},{"taxonomy":"post_tag","embeddable":true,"href":"https:\/\/isla-travel.de\/fr\/wp-json\/wp\/v2\/tags?post=25958146"},{"taxonomy":"dipi_cpt_category","embeddable":true,"href":"https:\/\/isla-travel.de\/fr\/wp-json\/wp\/v2\/dipi_cpt_category?post=25958146"}],"curies":[{"name":"wp","href":"https:\/\/api.w.org\/{rel}","templated":true}]}}