{"id":25958228,"date":"2024-04-10T14:08:00","date_gmt":"2024-04-10T12:08:00","guid":{"rendered":"https:\/\/isla-travel.de\/?p=25958228"},"modified":"2024-04-16T11:55:52","modified_gmt":"2024-04-16T09:55:52","slug":"une-intervention-rapide-evite-une-catastrophe-dans-un-incendie-de-foret-a-costa-dels-pins-2","status":"publish","type":"post","link":"https:\/\/isla-travel.de\/fr\/mallorca-magazin\/schneller-einsatz-verhindert-katastrophe-bei-waldbrand-in-costa-dels-pins\/","title":{"rendered":"Une intervention rapide permet d'\u00e9viter une catastrophe lors d'un incendie de for\u00eat \u00e0 Costa dels Pins"},"content":{"rendered":"<p>Mercredi en d\u00e9but d'apr\u00e8s-midi, un feu de for\u00eat inqui\u00e9tant s'est d\u00e9clar\u00e9 \u00e0 Costa dels Pins, un village c\u00f4tier idyllique de la commune de Son Servera, au nord-est de Majorque. L'incident, qui a commenc\u00e9 peu apr\u00e8s midi, a entra\u00een\u00e9 l'\u00e9vacuation pr\u00e9ventive de plusieurs maisons, tandis que les forces d'intervention ont r\u00e9agi rapidement pour contenir les flammes et stabiliser la situation.<\/p>\n<p>La r\u00e9action rapide des \u00e9quipes de secours, compos\u00e9es de trois h\u00e9licopt\u00e8res, de trois camions de pompiers et de 24 membres du service r\u00e9gional de protection des for\u00eats Ibanat, soutenus par les \u00e9quipes de pompiers de Manacor, Art\u00e0, Majorque, Inca et Alc\u00fadia, a \u00e9t\u00e9 d\u00e9cisive. L'agence r\u00e9gionale de protection des for\u00eats Ibanat avait initialement class\u00e9 l'incendie au niveau 0, une classification qui ne pr\u00e9sente pas de danger imm\u00e9diat pour la population ou l'environnement. Cependant, en raison de la propagation rapide du feu et des conditions m\u00e9t\u00e9orologiques d\u00e9favorables, le danger a \u00e9t\u00e9 relev\u00e9 peu apr\u00e8s au niveau d'alerte 1. Ce niveau signale une menace s\u00e9rieuse qui n\u00e9cessite une mobilisation accrue des ressources.<\/p>\n<p>Les premiers \u00e9l\u00e9ments de l'enqu\u00eate, cit\u00e9s par le journal Ultima Hora, indiquent qu'une \"erreur humaine\" lors des travaux de nettoyage d'un torrent pourrait \u00eatre \u00e0 l'origine de l'incendie. Les circonstances exactes sont actuellement \u00e9tudi\u00e9es par la police afin de mettre au point d'autres mesures pr\u00e9ventives pour l'avenir.<\/p>\n<p>Cet incident \u00e0 Costa dels Pins est un rappel de la rapidit\u00e9 avec laquelle le feu peut se propager dans des conditions d\u00e9favorables et souligne l'importance d'une r\u00e9ponse rapide et coordonn\u00e9e des services de secours afin de minimiser les dommages aux biens et \u00e0 l'environnement. isla Magazine reste \u00e0 l'\u00e9coute et continuera \u00e0 fournir des informations actualis\u00e9es sur l'enqu\u00eate et les \u00e9ventuelles nouvelles mesures de s\u00e9curit\u00e9.<\/p>","protected":false},"excerpt":{"rendered":"<p>Un incendie de for\u00eat a menac\u00e9 des maisons \u00e0 Costa dels Pins, Majorque, mercredi apr\u00e8s-midi. La r\u00e9action rapide des services d'urgence a permis d'\u00e9viter le pire.<\/p>","protected":false},"author":4,"featured_media":0,"comment_status":"open","ping_status":"closed","sticky":false,"template":"","format":"standard","meta":{"_acf_changed":false,"_et_pb_use_builder":"","_et_pb_old_content":"","_et_gb_content_width":"","footnotes":""},"categories":[1],"tags":[211,132,168],"dipi_cpt_category":[],"class_list":["post-25958228","post","type-post","status-publish","format-standard","hentry","category-mallorca-news","tag-costa-dels-pins","tag-lokales","tag-waldbrand"],"acf":[],"_links":{"self":[{"href":"https:\/\/isla-travel.de\/fr\/wp-json\/wp\/v2\/posts\/25958228","targetHints":{"allow":["GET"]}}],"collection":[{"href":"https:\/\/isla-travel.de\/fr\/wp-json\/wp\/v2\/posts"}],"about":[{"href":"https:\/\/isla-travel.de\/fr\/wp-json\/wp\/v2\/types\/post"}],"author":[{"embeddable":true,"href":"https:\/\/isla-travel.de\/fr\/wp-json\/wp\/v2\/users\/4"}],"replies":[{"embeddable":true,"href":"https:\/\/isla-travel.de\/fr\/wp-json\/wp\/v2\/comments?post=25958228"}],"version-history":[{"count":6,"href":"https:\/\/isla-travel.de\/fr\/wp-json\/wp\/v2\/posts\/25958228\/revisions"}],"predecessor-version":[{"id":25958384,"href":"https:\/\/isla-travel.de\/fr\/wp-json\/wp\/v2\/posts\/25958228\/revisions\/25958384"}],"wp:attachment":[{"href":"https:\/\/isla-travel.de\/fr\/wp-json\/wp\/v2\/media?parent=25958228"}],"wp:term":[{"taxonomy":"category","embeddable":true,"href":"https:\/\/isla-travel.de\/fr\/wp-json\/wp\/v2\/categories?post=25958228"},{"taxonomy":"post_tag","embeddable":true,"href":"https:\/\/isla-travel.de\/fr\/wp-json\/wp\/v2\/tags?post=25958228"},{"taxonomy":"dipi_cpt_category","embeddable":true,"href":"https:\/\/isla-travel.de\/fr\/wp-json\/wp\/v2\/dipi_cpt_category?post=25958228"}],"curies":[{"name":"wp","href":"https:\/\/api.w.org\/{rel}","templated":true}]}}