{"id":25958289,"date":"2024-04-13T16:23:00","date_gmt":"2024-04-13T14:23:00","guid":{"rendered":"https:\/\/isla-travel.de\/?p=25958289"},"modified":"2024-04-16T11:24:38","modified_gmt":"2024-04-16T09:24:38","slug":"sauvetage-dramatique-a-sa-calobra-un-cycliste-evacue-par-helicoptere-apres-une-chute","status":"publish","type":"post","link":"https:\/\/isla-travel.de\/fr\/mallorca-magazin\/dramatische-rettung-bei-sa-calobra-radfahrer-nach-sturz-per-hubschrauber-evakuiert\/","title":{"rendered":"Sauvetage dramatique \u00e0 Sa Calobra : un cycliste \u00e9vacu\u00e9 par h\u00e9licopt\u00e8re apr\u00e8s une chute"},"content":{"rendered":"<p>Un grave accident s'est produit vendredi dernier sur le c\u00e9l\u00e8bre parcours cycliste de Sa Calobra, \u00e0 Majorque. Un cycliste de 52 ans a fait une chute grave et a d\u00fb \u00eatre pris en charge m\u00e9dicalement le plus rapidement possible. En raison de ses graves blessures, il a \u00e9t\u00e9 transport\u00e9 par h\u00e9licopt\u00e8re \u00e0 l'h\u00f4pital Son Espases de Palma.<\/p>\n<p>L'accident s'est produit dans l'un des passages les plus raides de l'itin\u00e9raire. La police a \u00e9t\u00e9 imm\u00e9diatement inform\u00e9e et a lanc\u00e9 les op\u00e9rations de secours. Les secours en montagne sont rapidement arriv\u00e9s sur place pour prodiguer les premiers soins et pr\u00e9parer le bless\u00e9 pour son transport.<\/p>\n<p>Les sauveteurs ont utilis\u00e9 un h\u00e9licopt\u00e8re pour transporter le cycliste rapidement et en toute s\u00e9curit\u00e9 \u00e0 l'h\u00f4pital. Outre le pilote, une infirmi\u00e8re et un sauveteur en montagne se trouvaient \u00e0 bord pour assurer l'assistance m\u00e9dicale pendant le vol.<\/p>\n<p>L'\u00e9tat de sant\u00e9 du cycliste n'est pas encore clair et aucun autre d\u00e9tail n'a \u00e9t\u00e9 publi\u00e9 sur les blessures sp\u00e9cifiques. L'itin\u00e9raire pr\u00e8s de Sa Calobra est connu pour la beaut\u00e9 de ses paysages, mais il repr\u00e9sente un d\u00e9fi consid\u00e9rable en raison de son escarpement et de ses exigences techniques. Cet accident souligne une fois de plus la n\u00e9cessit\u00e9 de ne pas sous-estimer les risques de cette route tr\u00e8s populaire.<\/p>\n<p>Les autorit\u00e9s rappellent \u00e0 tous les cyclistes et randonneurs de faire preuve de la prudence n\u00e9cessaire et de toujours se pr\u00e9parer de mani\u00e8re ad\u00e9quate aux conditions exigeantes des montagnes de Majorque. Une enqu\u00eate compl\u00e9mentaire est en cours pour d\u00e9terminer les circonstances exactes de l'accident.<\/p>","protected":false},"excerpt":{"rendered":"<p>Un accident de v\u00e9lo \u00e0 Majorque exige une intervention rapide : Les secours en montagne emm\u00e8nent un homme de 52 ans \u00e0 l'h\u00f4pital.<\/p>","protected":false},"author":4,"featured_media":0,"comment_status":"open","ping_status":"closed","sticky":false,"template":"","format":"standard","meta":{"_acf_changed":false,"_et_pb_use_builder":"","_et_pb_old_content":"","_et_gb_content_width":"","footnotes":""},"categories":[1],"tags":[266,132,267,268,269,270],"dipi_cpt_category":[],"class_list":["post-25958289","post","type-post","status-publish","format-standard","hentry","category-mallorca-news","tag-bergrettung","tag-lokales","tag-radfahrer","tag-rettungseinsaetze","tag-unfaelle-auf-mallorca","tag-verletzungen"],"acf":[],"_links":{"self":[{"href":"https:\/\/isla-travel.de\/fr\/wp-json\/wp\/v2\/posts\/25958289","targetHints":{"allow":["GET"]}}],"collection":[{"href":"https:\/\/isla-travel.de\/fr\/wp-json\/wp\/v2\/posts"}],"about":[{"href":"https:\/\/isla-travel.de\/fr\/wp-json\/wp\/v2\/types\/post"}],"author":[{"embeddable":true,"href":"https:\/\/isla-travel.de\/fr\/wp-json\/wp\/v2\/users\/4"}],"replies":[{"embeddable":true,"href":"https:\/\/isla-travel.de\/fr\/wp-json\/wp\/v2\/comments?post=25958289"}],"version-history":[{"count":6,"href":"https:\/\/isla-travel.de\/fr\/wp-json\/wp\/v2\/posts\/25958289\/revisions"}],"predecessor-version":[{"id":25958488,"href":"https:\/\/isla-travel.de\/fr\/wp-json\/wp\/v2\/posts\/25958289\/revisions\/25958488"}],"wp:attachment":[{"href":"https:\/\/isla-travel.de\/fr\/wp-json\/wp\/v2\/media?parent=25958289"}],"wp:term":[{"taxonomy":"category","embeddable":true,"href":"https:\/\/isla-travel.de\/fr\/wp-json\/wp\/v2\/categories?post=25958289"},{"taxonomy":"post_tag","embeddable":true,"href":"https:\/\/isla-travel.de\/fr\/wp-json\/wp\/v2\/tags?post=25958289"},{"taxonomy":"dipi_cpt_category","embeddable":true,"href":"https:\/\/isla-travel.de\/fr\/wp-json\/wp\/v2\/dipi_cpt_category?post=25958289"}],"curies":[{"name":"wp","href":"https:\/\/api.w.org\/{rel}","templated":true}]}}