{"id":25973659,"date":"2024-09-09T18:00:00","date_gmt":"2024-09-09T16:00:00","guid":{"rendered":"https:\/\/isla-travel.de\/?p=25973659"},"modified":"2024-09-18T17:22:40","modified_gmt":"2024-09-18T15:22:40","slug":"palma-de-mallorca-la-ville-qui-est-plus-quune-simple-escale","status":"publish","type":"post","link":"https:\/\/isla-travel.de\/fr\/mallorca-magazin\/palma-de-mallorca-die-stadt-die-mehr-ist-als-nur-ein-zwischenstopp\/","title":{"rendered":"Palma de Majorque : la ville qui est plus qu'une simple escale"},"content":{"rendered":"<p>Palma de Majorque - un nom qui, pour la plupart des gens, n'\u00e9voque probablement que les mots \"a\u00e9roport\", \"port\" ou \"continuer rapidement vers Cala quelque chose\". Pour beaucoup, Palma est le point de d\u00e9part, ni plus ni moins. Mais si vous ne voyez Palma que comme un point de passage, vous avez vraiment rat\u00e9 quelque chose. Cette ville a bien plus \u00e0 offrir que la plupart des gens ne le pensent - il suffit de prendre le temps de le d\u00e9couvrir.<\/p>\n\n\n\n<figure class=\"wp-block-image size-large\"><img loading=\"lazy\" decoding=\"async\" width=\"1024\" height=\"683\" src=\"https:\/\/isla-travel.de\/wp-content\/uploads\/2024\/09\/yves_alarie_Kathedrale-1-1024x683.jpg\" alt=\"\" class=\"wp-image-25973668\"\/><figcaption class=\"wp-element-caption\">Yves Alarie<\/figcaption><\/figure>\n\n\n\n<h2 class=\"wp-block-heading\">La Seu : la cath\u00e9drale qui veille sur tout<\/h2>\n\n\n\n<p>Aucun visiteur de Palma ne peut passer \u00e0 c\u00f4t\u00e9 :&nbsp;<strong>La Seu<\/strong>L'imposante cath\u00e9drale, dont les ailes de pierre semblent flotter au-dessus de la ville et de la mer. Depuis l'avion, on la voit fi\u00e8rement veiller sur la baie, \u00e0 la p\u00e9riph\u00e9rie de la vieille ville. Et non, ce n'est pas seulement un joli b\u00e2timent - c'est le c\u0153ur de Palma.<\/p>\n\n\n\n<p>Toute personne qui ose traverser les ruelles \u00e9troites de la vieille ville finira par y arriver. Que ce soit pr\u00e9vu ou par hasard, cela ne fait aucune diff\u00e9rence. Elle vous attire comme un aimant, perch\u00e9e l\u00e0, entour\u00e9e de palmiers et d'une mer scintillante. Et lorsque vous vous tenez devant, vous r\u00e9alisez que Palma est bien plus qu'un joli d\u00e9cor. C'est une ville qui allie histoire et modernit\u00e9 - et La Seu en est le parfait symbole.<\/p>\n\n\n\n<h2 class=\"wp-block-heading\">La vieille ville : se perdre est souhaitable<\/h2>\n\n\n\n<p>Palma est une ville o\u00f9 l'on aime se perdre. La vieille ville est un labyrinthe de petites ruelles, de patios d\u00e9cor\u00e9s et de places cach\u00e9es. Et le meilleur ? Vous ne savez jamais ce qui vous attend au prochain coin de rue. Peut-\u00eatre un caf\u00e9 confortable o\u00f9 les habitants lisent leur journal et sirotent tranquillement leur caf\u00e9. Ou un concept store si branch\u00e9 que l'on se demande presque si l'on est encore \u00e0 Majorque ou si l'on a d\u00e9j\u00e0 atterri dans le centre de Berlin.<\/p>\n\n\n\n<p>Mais c'est Palma : elle est \u00e0 la fois ancienne et nouvelle, traditionnelle et moderne - tout cela en m\u00eame temps, et c'est ce qui la rend irr\u00e9sistible. En se promenant dans ses ruelles, on a l'impression de parcourir un livre d'histoire qui se trouve \u00eatre une \u00e9dition moderne et design.<\/p>\n\n\n\n<h2 class=\"wp-block-heading\">Les march\u00e9s : o\u00f9 Palma s'anime<\/h2>\n\n\n\n<p>Si vous voulez ressentir la vraie Palma, vous devez vous rendre sur l'un de ses march\u00e9s. Le&nbsp;<strong>Mercat de l'Olivar<\/strong>&nbsp;ou le&nbsp;<strong>Mercat de Santa Catalina<\/strong>&nbsp;- c'est ici que bat le v\u00e9ritable c\u0153ur de la ville. Les couleurs, les odeurs, les gens - c'est comme si la ville prenait une profonde respiration dans ces lieux et se montrait sous son jour le plus vivant.<\/p>\n\n\n\n<p>Ici, vous trouverez tout ce que l'\u00eele a \u00e0 offrir en mati\u00e8re de produits frais. Le poisson, si frais qu'on a presque l'impression d'entendre les vagues. Les fruits, si color\u00e9s qu'on se demande s'ils sont tomb\u00e9s d'un tableau. Et puis les voix des vendeurs, qui ne pourraient pas \u00eatre plus fortes et plus joyeuses. Ici, on ne fait pas que vendre, on vit. Un jour de march\u00e9 \u00e0 Palma est une f\u00eate pour tous les sens.<\/p>\n\n\n\n<figure class=\"wp-block-image size-large\"><img loading=\"lazy\" decoding=\"async\" width=\"683\" height=\"1024\" src=\"https:\/\/isla-travel.de\/wp-content\/uploads\/2024\/09\/thomas-le_Markt-1-683x1024.jpg\" alt=\"March\u00e9 de Majorque\" class=\"wp-image-25973669\"\/><figcaption class=\"wp-element-caption\">\u00a9Thomas Le<\/figcaption><\/figure>\n\n\n\n<h2 class=\"wp-block-heading\">Le port : o\u00f9 le monde vient \u00e0 Palma<\/h2>\n\n\n\n<p>Le port de Palma n'est pas seulement une escale pour les ferries et les yachts, c'est aussi un lieu o\u00f9 le monde entier est en visite. On y trouve de tout, des petits bateaux de p\u00eache aux yachts luxueux qui ressemblent presque \u00e0 des villas flottantes. Mais ce qui attire le plus l'attention, ce sont les bateaux de croisi\u00e8re qui font r\u00e9guli\u00e8rement escale ici et qui dominent un court instant la ligne d'horizon de Palma. Ces g\u00e9ants des mers crachent leurs passagers, qui parcourent les rues de la ville avec curiosit\u00e9, avant de remonter \u00e0 bord pour la prochaine destination.<\/p>\n\n\n\n<p>Les touristes de croisi\u00e8re ont depuis longtemps d\u00e9couvert Palma comme l'une des escales les plus populaires de la M\u00e9diterran\u00e9e. Parfois, la ville donne l'impression d'avoir perfectionn\u00e9 la vie maritime - le port vibre, les bateaux et les navires vont et viennent, et Palma reste d\u00e9contract\u00e9e, comme si tout cela ne pouvait pas l'impressionner. Tandis que les passagers des bateaux de croisi\u00e8re profitent de leurs courtes excursions, les habitants ne peuvent qu'observer l'agitation - un autre chapitre de la longue histoire de cette ville cosmopolite.<\/p>\n\n\n\n<p>Et en fl\u00e2nant le long de la promenade, on peut admirer \u00e0 merveille l'animation qui y r\u00e8gne. Le soleil scintille sur l'eau et, en arri\u00e8re-plan, se dresse la ville, qui a son propre rythme d\u00e9tendu. Palma est peut-\u00eatre ouverte sur le monde, mais elle reste toujours fid\u00e8le \u00e0 elle-m\u00eame. Pas d'agitation, pas de drame - juste une ville qui laisse le monde venir \u00e0 elle.<\/p>\n\n\n\n<figure class=\"wp-block-image size-large\"><img loading=\"lazy\" decoding=\"async\" width=\"768\" height=\"1024\" src=\"https:\/\/isla-travel.de\/wp-content\/uploads\/2024\/09\/belinda_fewings_gasse-768x1024.jpg\" alt=\"Ruelle de Majorque\" class=\"wp-image-25973671\"\/><figcaption class=\"wp-element-caption\">\u00a9Belinda Fewings <\/figcaption><\/figure>\n\n\n\n<h2 class=\"wp-block-heading\">Palma : un haut lieu culturel<\/h2>\n\n\n\n<p>Si vous pensez que Palma n'est qu'un terrain de jeu pour les amateurs de soleil et de plage, vous \u00eates loin du compte. Au cours des derni\u00e8res ann\u00e9es, la ville s'est impos\u00e9e comme le centre culturel de l'\u00eele. Le site&nbsp;<strong>Fondation Mir\u00f3<\/strong>&nbsp;ou le&nbsp;<strong>Mus\u00e9e Es Baluard<\/strong>&nbsp;ne sont que deux des nombreux lieux o\u00f9 l'art et la culture sont c\u00e9l\u00e9br\u00e9s.<\/p>\n\n\n\n<p>Et puis il y a les innombrables galeries qui attirent les amateurs d'art dans les ruelles \u00e9troites. Qu'il s'agisse d'art contemporain ou d'\u0153uvres d'un autre temps, Palma en a pour tous les go\u00fbts. C'est une ville qui vit et respire la cr\u00e9ativit\u00e9.<\/p>\n\n\n\n<h2 class=\"wp-block-heading\">Palma de Majorque : plus qu'une capitale<\/h2>\n\n\n\n<p>Palma est bien plus que la capitale de Majorque. C'est le c\u0153ur de l'\u00eele, un lieu en constante \u00e9volution, mais qui n'oublie jamais ses racines. Que vous vous perdiez dans ses ruelles, que vous preniez un caf\u00e9 sur le port ou que vous exploriez ses march\u00e9s, Palma vous montre qu'elle a bien plus \u00e0 offrir qu'il n'y para\u00eet au premier abord. C'est une ville que l'on ne peut pas simplement traverser. Il faut la vivre.<\/p>","protected":false},"excerpt":{"rendered":"<p>Palma de Majorque est plus qu'une capitale - c'est le c\u0153ur battant de l'\u00eele. De l'imposante cath\u00e9drale de la Seu aux ruelles cach\u00e9es de la vieille ville, Palma allie l'histoire, la modernit\u00e9 et la vraie vie de Majorque.<\/p>","protected":false},"author":6,"featured_media":25973668,"comment_status":"open","ping_status":"closed","sticky":false,"template":"","format":"standard","meta":{"_acf_changed":false,"_et_pb_use_builder":"off","_et_pb_old_content":"","_et_gb_content_width":"1380","footnotes":""},"categories":[2209],"tags":[2180,2184,841,2179,2181,694],"dipi_cpt_category":[],"class_list":["post-25973659","post","type-post","status-publish","format-standard","has-post-thumbnail","hentry","category-staedte-guides","tag-altstadt-palma-de-mallorca","tag-hafen-palma-de-mallorca","tag-kunst-kultur","tag-la-seu-kathedrale-palma","tag-maerkte-palma-mallorca","tag-palma-de-mallorca"],"acf":[],"_links":{"self":[{"href":"https:\/\/isla-travel.de\/fr\/wp-json\/wp\/v2\/posts\/25973659","targetHints":{"allow":["GET"]}}],"collection":[{"href":"https:\/\/isla-travel.de\/fr\/wp-json\/wp\/v2\/posts"}],"about":[{"href":"https:\/\/isla-travel.de\/fr\/wp-json\/wp\/v2\/types\/post"}],"author":[{"embeddable":true,"href":"https:\/\/isla-travel.de\/fr\/wp-json\/wp\/v2\/users\/6"}],"replies":[{"embeddable":true,"href":"https:\/\/isla-travel.de\/fr\/wp-json\/wp\/v2\/comments?post=25973659"}],"version-history":[{"count":7,"href":"https:\/\/isla-travel.de\/fr\/wp-json\/wp\/v2\/posts\/25973659\/revisions"}],"predecessor-version":[{"id":25973680,"href":"https:\/\/isla-travel.de\/fr\/wp-json\/wp\/v2\/posts\/25973659\/revisions\/25973680"}],"wp:featuredmedia":[{"embeddable":true,"href":"https:\/\/isla-travel.de\/fr\/wp-json\/wp\/v2\/media\/25973668"}],"wp:attachment":[{"href":"https:\/\/isla-travel.de\/fr\/wp-json\/wp\/v2\/media?parent=25973659"}],"wp:term":[{"taxonomy":"category","embeddable":true,"href":"https:\/\/isla-travel.de\/fr\/wp-json\/wp\/v2\/categories?post=25973659"},{"taxonomy":"post_tag","embeddable":true,"href":"https:\/\/isla-travel.de\/fr\/wp-json\/wp\/v2\/tags?post=25973659"},{"taxonomy":"dipi_cpt_category","embeddable":true,"href":"https:\/\/isla-travel.de\/fr\/wp-json\/wp\/v2\/dipi_cpt_category?post=25973659"}],"curies":[{"name":"wp","href":"https:\/\/api.w.org\/{rel}","templated":true}]}}