{"id":25975370,"date":"2024-10-03T06:00:00","date_gmt":"2024-10-03T04:00:00","guid":{"rendered":"https:\/\/isla-travel.de\/?p=25975370"},"modified":"2024-10-03T07:45:55","modified_gmt":"2024-10-03T05:45:55","slug":"les-baleares-prevoient-une-nouvelle-loi-sur-les-cotes-des-regles-plus-strictes-pour-les-bateaux-et-les-jet-skis","status":"publish","type":"post","link":"https:\/\/isla-travel.de\/fr\/mallorca-magazin\/balearen-planen-neues-kuestengesetz-strengere-regeln-fuer-schiffe-und-jetskis\/","title":{"rendered":"Les Bal\u00e9ares pr\u00e9voient une nouvelle loi sur le littoral : des r\u00e8gles plus strictes pour les bateaux et les jet-skis"},"content":{"rendered":"<p>Le gouvernement des Bal\u00e9ares travaille actuellement \u00e0 l'\u00e9laboration d'une nouvelle loi sur le littoral qui entra\u00eenera des changements importants pour le trafic maritime et la protection des b\u00e2timents historiques le long de la c\u00f4te. Selon un rapport du Diario de Mallorca, des limitations de vitesse pour les bateaux et les jet-skis seront introduites \u00e0 l'avenir afin d'am\u00e9liorer la s\u00e9curit\u00e9 sur l'eau.<\/p>\n\n\n\n<figure class=\"wp-block-image size-large\"><img loading=\"lazy\" decoding=\"async\" width=\"1024\" height=\"683\" src=\"https:\/\/isla-travel.de\/wp-content\/uploads\/2024\/10\/Jetski-1024x683.jpg\" alt=\"Jet ski Mallorca\" class=\"wp-image-25975433\"\/><figcaption class=\"wp-element-caption\">Annioe Xia<\/figcaption><\/figure>\n\n\n\n<h2 class=\"wp-block-heading\">Nouveau r\u00e9gime de vitesse pour les navires et les jet-skis<\/h2>\n\n\n\n<p>Les navires de plus de 12 m\u00e8tres de long et les jet-skis seront limit\u00e9s \u00e0 10 n\u0153uds (18,5 km\/h) dans un rayon d'un mile nautique (1,85 km) autour des \u00eeles. Des r\u00e8gles encore plus strictes seront maintenues dans certaines aires marines prot\u00e9g\u00e9es. Le ministre de la Mer Juan Manuel Lafuente a soulign\u00e9 que la nouvelle r\u00e9glementation vise \u00e0 mettre de l'ordre sur l'eau. \"Ceux qui veulent faire de la vitesse peuvent le faire, mais \u00e0 un mile de la c\u00f4te\", a d\u00e9clar\u00e9 Lafuente.<\/p>\n\n\n\n<h2 class=\"wp-block-heading\">Prot\u00e9ger les bars de plage historiques<\/h2>\n\n\n\n<p>La nouvelle loi sur le littoral met \u00e9galement l'accent sur la protection des b\u00e2timents historiques, notamment les bars de plage, construits avant l'entr\u00e9e en vigueur de la loi espagnole sur le littoral. Ces b\u00e2timents, souvent situ\u00e9s au bord de l'eau, seront r\u00e9pertori\u00e9s et prot\u00e9g\u00e9s contre la d\u00e9molition. Cependant, les activit\u00e9s \u00e9conomiques qui se d\u00e9roulent dans ces b\u00e2timents ne sont pas couvertes par cette protection.<\/p>\n\n\n\n<h2 class=\"wp-block-heading\">Simplification des proc\u00e9dures d'autorisation<\/h2>\n\n\n\n<p>La nouvelle loi vise \u00e9galement \u00e0 simplifier les processus bureaucratiques li\u00e9s aux \u00e9v\u00e9nements c\u00f4tiers. A l'avenir, les mairies seront responsables de l'octroi des licences pour les \u00e9v\u00e9nements et autres activit\u00e9s sur le littoral.<\/p>\n\n\n\n<p>Depuis fin 2022, les \u00eeles Bal\u00e9ares sont responsables de leurs c\u00f4tes, alors que cette comp\u00e9tence \u00e9tait auparavant entre les mains du gouvernement central de Madrid.<\/p>","protected":false},"excerpt":{"rendered":"<p>Les Bal\u00e9ares introduisent une nouvelle loi sur le littoral : des r\u00e8gles plus strictes pour les bateaux et la protection des bars de plage historiques sont en ligne de mire.<\/p>","protected":false},"author":6,"featured_media":25975433,"comment_status":"open","ping_status":"closed","sticky":false,"template":"","format":"standard","meta":{"_acf_changed":false,"_et_pb_use_builder":"","_et_pb_old_content":"","_et_gb_content_width":"1380","footnotes":""},"categories":[1],"tags":[2364,2367,2368,2365,2366,2369],"dipi_cpt_category":[],"class_list":["post-25975370","post","type-post","status-publish","format-standard","has-post-thumbnail","hentry","category-mallorca-news","tag-balearen-kuestengesetz","tag-mallorca-jetski-regeln","tag-meeresminister-juan-manuel-lafuente","tag-schiffe-geschwindigkeitsbegrenzung","tag-schutz-historische-strandbars","tag-strandbars-mallorca"],"acf":[],"_links":{"self":[{"href":"https:\/\/isla-travel.de\/fr\/wp-json\/wp\/v2\/posts\/25975370","targetHints":{"allow":["GET"]}}],"collection":[{"href":"https:\/\/isla-travel.de\/fr\/wp-json\/wp\/v2\/posts"}],"about":[{"href":"https:\/\/isla-travel.de\/fr\/wp-json\/wp\/v2\/types\/post"}],"author":[{"embeddable":true,"href":"https:\/\/isla-travel.de\/fr\/wp-json\/wp\/v2\/users\/6"}],"replies":[{"embeddable":true,"href":"https:\/\/isla-travel.de\/fr\/wp-json\/wp\/v2\/comments?post=25975370"}],"version-history":[{"count":3,"href":"https:\/\/isla-travel.de\/fr\/wp-json\/wp\/v2\/posts\/25975370\/revisions"}],"predecessor-version":[{"id":25975434,"href":"https:\/\/isla-travel.de\/fr\/wp-json\/wp\/v2\/posts\/25975370\/revisions\/25975434"}],"wp:featuredmedia":[{"embeddable":true,"href":"https:\/\/isla-travel.de\/fr\/wp-json\/wp\/v2\/media\/25975433"}],"wp:attachment":[{"href":"https:\/\/isla-travel.de\/fr\/wp-json\/wp\/v2\/media?parent=25975370"}],"wp:term":[{"taxonomy":"category","embeddable":true,"href":"https:\/\/isla-travel.de\/fr\/wp-json\/wp\/v2\/categories?post=25975370"},{"taxonomy":"post_tag","embeddable":true,"href":"https:\/\/isla-travel.de\/fr\/wp-json\/wp\/v2\/tags?post=25975370"},{"taxonomy":"dipi_cpt_category","embeddable":true,"href":"https:\/\/isla-travel.de\/fr\/wp-json\/wp\/v2\/dipi_cpt_category?post=25975370"}],"curies":[{"name":"wp","href":"https:\/\/api.w.org\/{rel}","templated":true}]}}