{"id":25975738,"date":"2024-10-06T08:34:06","date_gmt":"2024-10-06T06:34:06","guid":{"rendered":"https:\/\/isla-travel.de\/?p=25975738"},"modified":"2024-10-06T18:01:28","modified_gmt":"2024-10-06T16:01:28","slug":"mallorca-le-dimanche-06-10-2024-ou-lile-vit","status":"publish","type":"post","link":"https:\/\/isla-travel.de\/fr\/mallorca-magazin\/mallorca-am-sonntag-06-10-2024-wo-die-insel-lebt\/","title":{"rendered":"Que faire \u00e0 Majorque le dimanche 06.10.2024 ? Une journ\u00e9e de f\u00eates et d'exp\u00e9riences"},"content":{"rendered":"<p>Ce dimanche \u00e0 Majorque offre une multitude d'activit\u00e9s pour tous les go\u00fbts. Que vous souhaitiez profiter d'une f\u00eate traditionnelle, que vous ayez envie de sucreries ou que vous pr\u00e9f\u00e9riez \u00e9couter de la musique en direct, l'\u00eele se montre sous son meilleur jour. Voici les activit\u00e9s les plus passionnantes \u00e0 faire aujourd'hui.<\/p>\n\n\n\n<h2 class=\"wp-block-heading\"><strong>Fira d'Alc\u00fadia : Tradition et animaux<\/strong><\/h2>\n\n\n\n<p>\u00c0 Alc\u00fadia, la <strong><a href=\"https:\/\/www.alcudia.net\/export\/sites\/default\/ajuntament\/ca\/documentos\/destacats\/programa-Fira-dAlcudia-2024.pdf\" target=\"_blank\" rel=\"noopener\">Fira d'Alc\u00fadia<\/a><\/strong> entre aujourd'hui dans sa phase finale. \u00c0 partir de <strong>10:00 heures<\/strong> ouvre le spectacle animalier o\u00f9 vous pourrez admirer les quadrup\u00e8des typiques de Majorque - dont des cochons, des \u00e2nes et des chevaux. Parall\u00e8lement, il y a une exposition de voitures et de motos anciennes qui ornent les rues de la vieille ville. Pour visiter <strong>10:30 heures<\/strong> vous pouvez vous attendre \u00e0 un spectacle \u00e9questre spectaculaire au <strong>Campet de les Animes<\/strong> de dressage et de voltige. La journ\u00e9e se terminera \u00e0 <strong>18:30 heures<\/strong> avec des danses traditionnelles sur la <strong>Pla\u00e7a de Carles V<\/strong> o\u00f9 le folklore de Majorque est \u00e0 l'honneur.<\/p>\n\n\n\n<figure class=\"wp-block-image size-large\"><img loading=\"lazy\" decoding=\"async\" width=\"819\" height=\"1024\" src=\"https:\/\/isla-travel.de\/wp-content\/uploads\/2024\/10\/Programa-format-instagram-819x1024.jpg\" alt=\"Fira Dolce Mallorca\" class=\"wp-image-25975745\"\/><figcaption class=\"wp-element-caption\">\u00a9esporles.cat<\/figcaption><\/figure>\n\n\n\n<h2 class=\"wp-block-heading\"><strong>Esporles : un bonheur sucr\u00e9 \u00e0 la Fira Dol\u00e7a<\/strong><\/h2>\n\n\n\n<p>Dans <strong>Esporles<\/strong> tourne aujourd'hui autour des bonbons. Sur la <strong><a href=\"https:\/\/esporles.cat\/ca\/noticies\/programa-fira-dolca-2024\" target=\"_blank\" rel=\"noopener\">Fira Dol\u00e7a<\/a><\/strong> vous trouverez une multitude de gourmandises majorquines - du <strong>Ensaimadas<\/strong> jusqu'\u00e0 <strong>Coca de Patata<\/strong>. Des d\u00e9monstrations de cuisine et des ateliers vous donneront un aper\u00e7u de l'art de la p\u00e2tisserie locale. Esporles devient le point de rencontre de tous ceux qui aiment go\u00fbter aux d\u00e9lices sucr\u00e9s.<\/p>\n\n\n\n<h2 class=\"wp-block-heading\"><strong>Sant Joan : Botifarr\u00f3 et plus encore<\/strong><\/h2>\n\n\n\n<p>Si vous pr\u00e9f\u00e9rez les plats plus consistants, vous devriez chercher <strong>Sant Joan<\/strong> vers <strong><a href=\"https:\/\/www.mallorca.es\/es\/-\/fiesta-del-botifarr\u00f3\" target=\"_blank\" rel=\"noopener\">F\u00eate du Botifarr\u00f3<\/a><\/strong> de conduire. \u00c0 partir de <strong>19:30 heures<\/strong> le c\u00e9l\u00e8bre boudin noir sera pr\u00e9par\u00e9 sur le gril, accompagn\u00e9 de musique live. \u00c0 partir de <strong>20:30 heures<\/strong> il y aura un d\u00eener en commun pour compl\u00e9ter la journ\u00e9e. Et si vous avez encore de l'\u00e9nergie \u00e0 revendre, la journ\u00e9e d\u00e9bute \u00e0 <strong>23:00 heures<\/strong> une soir\u00e9e DJ sur la <strong>Pla\u00e7a Constituci\u00f3<\/strong>La nuit, vous pouvez danser toute la nuit.<\/p>\n\n\n\n<p><br><\/p>","protected":false},"excerpt":{"rendered":"<p>Majorque le dimanche 06.10.2024 : De la Fira d'Alc\u00fadia \u00e0 la douce Fira Dol\u00e7a \u00e0 Esporles, en passant par la musique live et les f\u00eates \u00e0 Sant Joan. Il y en a pour tous les go\u00fbts !<\/p>","protected":false},"author":6,"featured_media":25975745,"comment_status":"open","ping_status":"closed","sticky":false,"template":"","format":"standard","meta":{"_acf_changed":false,"_et_pb_use_builder":"off","_et_pb_old_content":"","_et_gb_content_width":"1380","footnotes":""},"categories":[2213,1],"tags":[2051,2407,2409,2410,2411,2408],"dipi_cpt_category":[],"class_list":["post-25975738","post","type-post","status-publish","format-standard","has-post-thumbnail","hentry","category-event-kalender","category-mallorca-news","tag-ausflugstipp-mallorca","tag-festa-del-botifarro-sant-joan","tag-fira-dalcudia-2024","tag-fira-dolca-esporles","tag-klassische-musik-puerto-soller","tag-veranstaltungen-sonntag-mallorca"],"acf":[],"_links":{"self":[{"href":"https:\/\/isla-travel.de\/fr\/wp-json\/wp\/v2\/posts\/25975738","targetHints":{"allow":["GET"]}}],"collection":[{"href":"https:\/\/isla-travel.de\/fr\/wp-json\/wp\/v2\/posts"}],"about":[{"href":"https:\/\/isla-travel.de\/fr\/wp-json\/wp\/v2\/types\/post"}],"author":[{"embeddable":true,"href":"https:\/\/isla-travel.de\/fr\/wp-json\/wp\/v2\/users\/6"}],"replies":[{"embeddable":true,"href":"https:\/\/isla-travel.de\/fr\/wp-json\/wp\/v2\/comments?post=25975738"}],"version-history":[{"count":7,"href":"https:\/\/isla-travel.de\/fr\/wp-json\/wp\/v2\/posts\/25975738\/revisions"}],"predecessor-version":[{"id":25975769,"href":"https:\/\/isla-travel.de\/fr\/wp-json\/wp\/v2\/posts\/25975738\/revisions\/25975769"}],"wp:featuredmedia":[{"embeddable":true,"href":"https:\/\/isla-travel.de\/fr\/wp-json\/wp\/v2\/media\/25975745"}],"wp:attachment":[{"href":"https:\/\/isla-travel.de\/fr\/wp-json\/wp\/v2\/media?parent=25975738"}],"wp:term":[{"taxonomy":"category","embeddable":true,"href":"https:\/\/isla-travel.de\/fr\/wp-json\/wp\/v2\/categories?post=25975738"},{"taxonomy":"post_tag","embeddable":true,"href":"https:\/\/isla-travel.de\/fr\/wp-json\/wp\/v2\/tags?post=25975738"},{"taxonomy":"dipi_cpt_category","embeddable":true,"href":"https:\/\/isla-travel.de\/fr\/wp-json\/wp\/v2\/dipi_cpt_category?post=25975738"}],"curies":[{"name":"wp","href":"https:\/\/api.w.org\/{rel}","templated":true}]}}