{"id":25980323,"date":"2024-12-23T09:14:44","date_gmt":"2024-12-23T08:14:44","guid":{"rendered":"https:\/\/isla-travel.de\/?p=25980323"},"modified":"2024-12-23T19:16:06","modified_gmt":"2024-12-23T18:16:06","slug":"noel-a-majorque-comment-les-habitants-de-lile-et-les-visiteurs-vivent-les-fetes-de-fin-dannee","status":"publish","type":"post","link":"https:\/\/isla-travel.de\/fr\/mallorca-magazin\/weihnachten-auf-mallorca-wie-inselbewohner-und-gaeste-die-feiertage-erleben\/","title":{"rendered":"No\u00ebl \u00e0 Majorque : comment les habitants de l'\u00eele et les visiteurs vivent les f\u00eates de fin d'ann\u00e9e"},"content":{"rendered":"<p>No\u00ebl \u00e0 Majorque - cela ressemble \u00e0 une f\u00eate des contrastes. Entre traditions s\u00e9culaires et influences internationales, l'\u00eele s'est cr\u00e9\u00e9 sa propre ambiance de No\u00ebl, unique en son genre. Mais qu'est-ce qui rend cette p\u00e9riode si particuli\u00e8re ici ? Ce sont peut-\u00eatre les gens qui caract\u00e9risent cette \u00eele : les Majorquins avec leur profond sens de la communaut\u00e9, les expatri\u00e9s qui enrichissent \u00e0 leur mani\u00e8re leur nouvelle patrie et les touristes qui tombent sous le charme de l'\u00eele sous le doux soleil d'hiver.<\/p>\n\n\n\n<figure class=\"wp-block-image size-large\"><img loading=\"lazy\" decoding=\"async\" width=\"1024\" height=\"683\" src=\"https:\/\/isla-travel.de\/wp-content\/uploads\/2024\/12\/Noel-1024x683.jpg\" alt=\"Noel Mallorca\" class=\"wp-image-25980327\"\/><figcaption class=\"wp-element-caption\">Caroline Hernandez<\/figcaption><\/figure>\n\n\n\n<p>Pour les Majorquins, No\u00ebl commence en douceur. Ici, la p\u00e9riode de l'Avent n'est pas marqu\u00e9e par des d\u00e9corations surcharg\u00e9es ou un marathon de f\u00eates de No\u00ebl, mais par des moments de recueillement. Dans les \u00e9glises, on installe des cr\u00e8ches qui ne se contentent pas de repr\u00e9senter des sc\u00e8nes bibliques, mais qui capturent souvent la vie majorquine avec des d\u00e9tails soign\u00e9s. Un p\u00eacheur par-ci, une ferme par-l\u00e0 - les cr\u00e8ches racontent des histoires qui vont bien au-del\u00e0 de la naissance du Christ.<\/p>\n\n\n\n<p>La veille de No\u00ebl, les familles affluent \u00e0 la messe de minuit, la \"Misa del Gallo\". On y c\u00e9l\u00e8bre un morceau d'histoire v\u00e9cue : le chant des \"sibil-la\". Lorsque les anciennes m\u00e9lodies retentissent, le temps semble s'arr\u00eater. C'est un moment qui donne la chair de poule m\u00eame \u00e0 ceux qui, d'habitude, n'ont que peu d'affinit\u00e9s avec la religion.<\/p>\n\n\n\n<p>Mais \u00e0 Majorque, No\u00ebl n'est pas seulement une tradition, c'est aussi une chaleur, au sens propre comme au sens figur\u00e9. Dans les villages et les villes, les voisins, les amis et les familles se r\u00e9unissent pour faire la f\u00eate ensemble. La nourriture y joue un r\u00f4le central : <em>Sopa de Navidad<\/em>, <em>Turr\u00f3n<\/em> et les p\u00e2tisseries aux figues sucr\u00e9es sont plus que de simples friandises - elles sont un peu de la patrie, un go\u00fbt d'enfance.<\/p>\n\n\n\n<p>Pour la communaut\u00e9 internationale de l'\u00eele, No\u00ebl est l'occasion de cr\u00e9er des ponts. Les Allemands organisent des couronnes de l'Avent et des p\u00e2tisseries de No\u00ebl, les Britanniques invitent \u00e0 des repas de f\u00eate avec de la dinde et du Christmas Pudding, et les Scandinaves apportent leurs traditions aux soir\u00e9es d'hiver majorquines. Cela donne souvent lieu \u00e0 des rituels in\u00e9dits : une soir\u00e9e scandinave Julgl\u00f6gg est compl\u00e9t\u00e9e par des tapas, et le sapin de No\u00ebl se trouve peut-\u00eatre \u00e0 c\u00f4t\u00e9 d'un palmier.<\/p>\n\n\n\n<p>Et puis il y a les touristes qui vivent No\u00ebl \u00e0 Majorque avec les yeux grands ouverts. Les march\u00e9s de No\u00ebl de Palma ou de Santa Pon\u00e7a sont pour eux un moment fort, m\u00eame s'ils sont souvent un peu surpris de constater qu'il s'agit plus d'artisanat et de plaisirs culinaires que de vin chaud et de neige. Pour beaucoup, la promenade sur la plage est un moment magique : le soleil sur le visage, la mer dans le regard et le doux pressentiment que No\u00ebl ne se r\u00e9sume pas toujours \u00e0 un feu de chemin\u00e9e et \u00e0 de gros pulls.<\/p>\n\n\n\n<p>Les Majorquins eux-m\u00eames voient cette diversit\u00e9 avec un clin d'\u0153il. Ils appr\u00e9cient de partager leurs traditions avec d'autres, mais sont \u00e9galement conscients de la fragilit\u00e9 de leur h\u00e9ritage culturel. C'est justement pendant la p\u00e9riode de No\u00ebl qu'ils ont de plus en plus envie de pr\u00e9server leur propre identit\u00e9 - et pourtant, ils sont fiers que leur \u00eele soit un lieu o\u00f9 tant de personnes de cultures diff\u00e9rentes se rencontrent.<\/p>\n\n\n\n<p>C'est peut-\u00eatre ce qui rend No\u00ebl \u00e0 Majorque si sp\u00e9cial : cette chaleur tranquille qui r\u00e9sulte de l'association de l'ancien et du nouveau. C'est une f\u00eate de partage, o\u00f9 le soleil est aussi bienvenu que les vieilles chansons, les lumi\u00e8res de Palma que les cr\u00e8ches des villages.<\/p>\n\n\n\n<h2 class=\"wp-block-heading\">No\u00ebl \u00e0 Majorque : un moment de recueillement<\/h2>\n\n\n\n<p>C'est le calme qui r\u00e8gne \u00e0 Majorque en hiver qui rend cette f\u00eate si particuli\u00e8re. Loin des plages estivales et de la vie quotidienne tr\u00e9pidante, les gens ont le temps de se concentrer \u00e0 nouveau sur l'essentiel. Que ce soit les Majorquins qui saluent leurs voisins et amis dans les ruelles \u00e9troites de leurs villages ou les visiteurs internationaux qui viennent s'y ressourcer pendant quelques jours, No\u00ebl \u00e0 Majorque est une f\u00eate de proximit\u00e9.<\/p>\n\n\n\n<p>C'est aussi pendant cette p\u00e9riode silencieuse que les valeurs de l'\u00eele se font sentir : un lien profond avec la nature, une hospitalit\u00e9 qui vient du c\u0153ur et le d\u00e9sir de pr\u00e9server l'ancien sans se fermer \u00e0 la nouveaut\u00e9. C'est peut-\u00eatre ce que les gens ressentent ici, lorsqu'ils sont assis sur la plage, lorsqu'ils jettent un coup d'\u0153il aux lumi\u00e8res scintillantes de Palma ou lorsqu'ils mangent simplement un morceau de pain. <em>Turr\u00f3n<\/em> appr\u00e9cier - le sentiment que l'\u00eele est un endroit o\u00f9 tout le monde est le bienvenu.<\/p>\n\n\n\n<p><strong><span class=\"islafont\">isla<\/span> Suggestion de lecture :<\/strong><\/p>\n\n\n\n<ul class=\"wp-block-list\">\n<li><a href=\"https:\/\/isla-travel.de\/fr\/repertoire-devenements\/\">Calendrier isla-Event March\u00e9s de No\u00ebl \u00e0 Majorque<\/a><\/li>\n\n\n\n<li><a href=\"https:\/\/isla-travel.de\/fr\/magazine-de-majorque\/decembre-magique-a-majorque-marches-de-noel-lumieres-et-plages-tranquilles\/\">D\u00e9cembre magique \u00e0 Majorque : march\u00e9s de No\u00ebl, lumi\u00e8res et plages tranquilles<\/a><\/li>\n\n\n\n<li><a href=\"https:\/\/isla-travel.de\/fr\/magazine-de-majorque\/messe-de-noel-en-allemand-a-palma-veille-de-noel-dans-la-cathedrale\/\">Messe de No\u00ebl en allemand \u00e0 Palma : veille de No\u00ebl \u00e0 la cath\u00e9drale<\/a><\/li>\n<\/ul>","protected":false},"excerpt":{"rendered":"<p>No\u00ebl \u00e0 Majorque est une f\u00eate des contrastes. Les traditions majorquines c\u00f4toient les influences internationales, tandis que l'\u00eele s'illumine d'une atmosph\u00e8re de recueillement.<\/p>","protected":false},"author":6,"featured_media":25980327,"comment_status":"open","ping_status":"closed","sticky":false,"template":"","format":"standard","meta":{"_acf_changed":false,"_et_pb_use_builder":"off","_et_pb_old_content":"","_et_gb_content_width":"1380","footnotes":""},"categories":[1],"tags":[3115,3114,3113,3112,3109,3110,2373,3111],"dipi_cpt_category":[],"class_list":["post-25980323","post","type-post","status-publish","format-standard","has-post-thumbnail","hentry","category-mallorca-news","tag-besinnliches-weihnachten-mallorca","tag-krippen-mallorca","tag-palma-weihnachtsbeleuchtung","tag-traditionen-weihnachten-mallorca","tag-weihnachten-am-strand-mallorca","tag-weihnachten-mallorca","tag-weihnachtsmaerkte-mallorca","tag-weihnachtszeit-auf-mallorca"],"acf":[],"_links":{"self":[{"href":"https:\/\/isla-travel.de\/fr\/wp-json\/wp\/v2\/posts\/25980323","targetHints":{"allow":["GET"]}}],"collection":[{"href":"https:\/\/isla-travel.de\/fr\/wp-json\/wp\/v2\/posts"}],"about":[{"href":"https:\/\/isla-travel.de\/fr\/wp-json\/wp\/v2\/types\/post"}],"author":[{"embeddable":true,"href":"https:\/\/isla-travel.de\/fr\/wp-json\/wp\/v2\/users\/6"}],"replies":[{"embeddable":true,"href":"https:\/\/isla-travel.de\/fr\/wp-json\/wp\/v2\/comments?post=25980323"}],"version-history":[{"count":6,"href":"https:\/\/isla-travel.de\/fr\/wp-json\/wp\/v2\/posts\/25980323\/revisions"}],"predecessor-version":[{"id":25981214,"href":"https:\/\/isla-travel.de\/fr\/wp-json\/wp\/v2\/posts\/25980323\/revisions\/25981214"}],"wp:featuredmedia":[{"embeddable":true,"href":"https:\/\/isla-travel.de\/fr\/wp-json\/wp\/v2\/media\/25980327"}],"wp:attachment":[{"href":"https:\/\/isla-travel.de\/fr\/wp-json\/wp\/v2\/media?parent=25980323"}],"wp:term":[{"taxonomy":"category","embeddable":true,"href":"https:\/\/isla-travel.de\/fr\/wp-json\/wp\/v2\/categories?post=25980323"},{"taxonomy":"post_tag","embeddable":true,"href":"https:\/\/isla-travel.de\/fr\/wp-json\/wp\/v2\/tags?post=25980323"},{"taxonomy":"dipi_cpt_category","embeddable":true,"href":"https:\/\/isla-travel.de\/fr\/wp-json\/wp\/v2\/dipi_cpt_category?post=25980323"}],"curies":[{"name":"wp","href":"https:\/\/api.w.org\/{rel}","templated":true}]}}