{"id":25958121,"date":"2024-04-12T08:27:00","date_gmt":"2024-04-12T06:27:00","guid":{"rendered":"https:\/\/isla-travel.de\/?p=25958121"},"modified":"2024-04-16T11:51:46","modified_gmt":"2024-04-16T09:51:46","slug":"aldi-promuove-i-prodotti-stagionali-a-mallorca","status":"publish","type":"post","link":"https:\/\/isla-travel.de\/it\/mallorca-magazin\/aldi-wirbt-um-saisonale-kraefte-auf-mallorca\/","title":{"rendered":"Aldi assume lavoratori stagionali a Maiorca"},"content":{"rendered":"<p>L'inizio della stagione estiva nelle Isole Baleari porta con s\u00e9 molte opportunit\u00e0 nel settore della vendita al dettaglio, soprattutto per chi \u00e8 alla ricerca di un impiego stagionale. Il gigante tedesco della vendita al dettaglio Aldi ha annunciato l'intenzione di assumere circa 50 nuovi dipendenti per i suoi negozi di Maiorca, Minorca e Ibiza. Questa informazione \u00e8 stata annunciata ufficialmente in un comunicato stampa.<\/p>\n<p>Aldi gestisce un totale di 14 supermercati nelle Isole Baleari. Il processo di assunzione \u00e8 previsto per i mesi di maggio e giugno. Le nuove posizioni riguardano principalmente le operazioni quotidiane dei supermercati, tra cui compiti come il rifornimento degli scaffali, l'assistenza ai clienti e la corretta etichettatura dei prezzi.<\/p>\n<p>I candidati devono avere almeno un livello di istruzione intermedio. L'esperienza nel settore della vendita al dettaglio e una formazione aggiuntiva in questo ambito costituiscono un vantaggio, ma non sono indispensabili. Aldi attribuisce grande importanza all'orientamento al cliente, al senso di responsabilit\u00e0 e alla capacit\u00e0 di lavorare in modo indipendente. Un altro criterio \u00e8 che i candidati dovrebbero idealmente vivere vicino al loro futuro posto di lavoro, in quanto l'azienda non offre alcuna assistenza nella ricerca di un alloggio.<\/p>\n<p>In cambio, Aldi offre un contratto di lavoro a tempo determinato che comprende tutte le prestazioni sociali previste dalla legge. Inoltre, sono previsti programmi di formazione interna per tutti i dipendenti. I candidati interessati devono presentarsi di persona presso il negozio Aldi pi\u00f9 vicino, poich\u00e9 per queste posizioni non \u00e8 possibile inviare candidature online.<\/p>\n<p>Questa misura fa parte degli sforzi di Aldi per far fronte al previsto aumento del numero di turisti durante l'alta stagione e, allo stesso tempo, migliorare l'esperienza di acquisto per tutti i clienti. L'azienda si \u00e8 inoltre affermata come importante datore di lavoro nelle Isole Baleari, contribuendo all'economia locale e creando posti di lavoro.<\/p>","protected":false},"excerpt":{"rendered":"<p>Aldi cerca 50 nuovi dipendenti per l'estate a Maiorca e nelle isole vicine. Dettagli e requisiti per la candidatura.<\/p>","protected":false},"author":4,"featured_media":0,"comment_status":"open","ping_status":"closed","sticky":false,"template":"","format":"standard","meta":{"_acf_changed":false,"_et_pb_use_builder":"","_et_pb_old_content":"","_et_gb_content_width":"","footnotes":""},"categories":[1],"tags":[134,132],"dipi_cpt_category":[],"class_list":["post-25958121","post","type-post","status-publish","format-standard","hentry","category-mallorca-news","tag-aldi","tag-lokales"],"acf":[],"_links":{"self":[{"href":"https:\/\/isla-travel.de\/it\/wp-json\/wp\/v2\/posts\/25958121","targetHints":{"allow":["GET"]}}],"collection":[{"href":"https:\/\/isla-travel.de\/it\/wp-json\/wp\/v2\/posts"}],"about":[{"href":"https:\/\/isla-travel.de\/it\/wp-json\/wp\/v2\/types\/post"}],"author":[{"embeddable":true,"href":"https:\/\/isla-travel.de\/it\/wp-json\/wp\/v2\/users\/4"}],"replies":[{"embeddable":true,"href":"https:\/\/isla-travel.de\/it\/wp-json\/wp\/v2\/comments?post=25958121"}],"version-history":[{"count":6,"href":"https:\/\/isla-travel.de\/it\/wp-json\/wp\/v2\/posts\/25958121\/revisions"}],"predecessor-version":[{"id":25958441,"href":"https:\/\/isla-travel.de\/it\/wp-json\/wp\/v2\/posts\/25958121\/revisions\/25958441"}],"wp:attachment":[{"href":"https:\/\/isla-travel.de\/it\/wp-json\/wp\/v2\/media?parent=25958121"}],"wp:term":[{"taxonomy":"category","embeddable":true,"href":"https:\/\/isla-travel.de\/it\/wp-json\/wp\/v2\/categories?post=25958121"},{"taxonomy":"post_tag","embeddable":true,"href":"https:\/\/isla-travel.de\/it\/wp-json\/wp\/v2\/tags?post=25958121"},{"taxonomy":"dipi_cpt_category","embeddable":true,"href":"https:\/\/isla-travel.de\/it\/wp-json\/wp\/v2\/dipi_cpt_category?post=25958121"}],"curies":[{"name":"wp","href":"https:\/\/api.w.org\/{rel}","templated":true}]}}