{"id":25975738,"date":"2024-10-06T08:34:06","date_gmt":"2024-10-06T06:34:06","guid":{"rendered":"https:\/\/isla-travel.de\/?p=25975738"},"modified":"2024-10-06T18:01:28","modified_gmt":"2024-10-06T16:01:28","slug":"mallorca-domenica-06-10-2024-dove-vive-lisola","status":"publish","type":"post","link":"https:\/\/isla-travel.de\/it\/mallorca-magazin\/mallorca-am-sonntag-06-10-2024-wo-die-insel-lebt\/","title":{"rendered":"Cosa fare a Maiorca domenica 06.10.2024? Una giornata di festa e di esperienze"},"content":{"rendered":"<p>Questa domenica a Maiorca offre un'infinit\u00e0 di attivit\u00e0 per tutti i gusti. Che vogliate godervi una festa tradizionale, che siate golosi di dolci o che preferiate la musica dal vivo, l'isola d\u00e0 il meglio di s\u00e9. Ecco le cose pi\u00f9 interessanti da fare oggi.<\/p>\n\n\n\n<h2 class=\"wp-block-heading\"><strong>Fira d'Alc\u00fadia: tradizione e animali<\/strong><\/h2>\n\n\n\n<p>Ad Alc\u00fadia il <strong><a href=\"https:\/\/www.alcudia.net\/export\/sites\/default\/ajuntament\/ca\/documentos\/destacats\/programa-Fira-dAlcudia-2024.pdf\" target=\"_blank\" rel=\"noopener\">Fira d'Alc\u00fadia<\/a><\/strong> entra oggi nella fase finale. Da <strong>10:00.<\/strong> si apre la mostra degli animali, dove si possono ammirare i tipici amici a quattro zampe di Maiorca, tra cui maiali, asini e cavalli. Allo stesso tempo, viene allestita una mostra di auto e moto d'epoca che adornano le strade del centro storico. Intorno a <strong>10:30.<\/strong> si pu\u00f2 assistere a uno spettacolare spettacolo equestre al <strong>Campet de les Animes<\/strong> dove si svolgeranno le prove di dressage e volteggio. La giornata si conclude a <strong>18:30<\/strong> con danze tradizionali sul <strong>Pla\u00e7a de Carles V<\/strong> dove il folklore di Maiorca \u00e8 al centro della scena.<\/p>\n\n\n\n<figure class=\"wp-block-image size-large\"><img loading=\"lazy\" decoding=\"async\" width=\"819\" height=\"1024\" src=\"https:\/\/isla-travel.de\/wp-content\/uploads\/2024\/10\/Programa-format-instagram-819x1024.jpg\" alt=\"Fira Dolce Mallorca\" class=\"wp-image-25975745\"\/><figcaption class=\"wp-element-caption\">\u00a9esporles.cat<\/figcaption><\/figure>\n\n\n\n<h2 class=\"wp-block-heading\"><strong>Esporles: Dolce felicit\u00e0 alla Fira Dol\u00e7a<\/strong><\/h2>\n\n\n\n<p>In <strong>Esporles<\/strong> oggi \u00e8 tutta dedicata ai dolci. Sul <strong><a href=\"https:\/\/esporles.cat\/ca\/noticies\/programa-fira-dolca-2024\" target=\"_blank\" rel=\"noopener\">Fira Dol\u00e7a<\/a><\/strong> troverete un'abbondanza di prelibatezze di Maiorca - da <strong>Ensaimadas<\/strong> fino a quando <strong>Coca de Patata<\/strong>. Dimostrazioni e laboratori di cucina permettono di conoscere l'arte della pasticceria locale. Esporles diventa un punto di incontro per tutti coloro che amano assaporare dolci prelibatezze.<\/p>\n\n\n\n<h2 class=\"wp-block-heading\"><strong>Sant Joan: Botifarr\u00f3 e altro ancora<\/strong><\/h2>\n\n\n\n<p>Se si preferisce il cibo salato, si consiglia di cercare <strong>Sant Joan<\/strong> al <strong><a href=\"https:\/\/www.mallorca.es\/es\/-\/fiesta-del-botifarr\u00f3\" target=\"_blank\" rel=\"noopener\">Festa del Botifarr\u00f3<\/a><\/strong> guida. Da <strong>19:30<\/strong> il popolare sanguinaccio sar\u00e0 preparato sul barbecue, accompagnato da musica dal vivo. Da <strong>20:30<\/strong> Per concludere la giornata \u00e8 prevista una cena insieme. E se avete ancora energie, il <strong>23:00<\/strong> una festa con DJ sul <strong>Pla\u00e7a Constituci\u00f3<\/strong>dove potrete ballare tutta la notte.<\/p>\n\n\n\n<p><br><\/p>","protected":false},"excerpt":{"rendered":"<p>Maiorca domenica 06.10.2024: dalla Fira d'Alc\u00fadia e la dolce Fira Dol\u00e7a di Esporles alla musica dal vivo e ai festival di Sant Joan. Ce n'\u00e8 per tutti i gusti!<\/p>","protected":false},"author":6,"featured_media":25975745,"comment_status":"open","ping_status":"closed","sticky":false,"template":"","format":"standard","meta":{"_acf_changed":false,"_et_pb_use_builder":"off","_et_pb_old_content":"","_et_gb_content_width":"1380","footnotes":""},"categories":[2213,1],"tags":[2051,2407,2409,2410,2411,2408],"dipi_cpt_category":[],"class_list":["post-25975738","post","type-post","status-publish","format-standard","has-post-thumbnail","hentry","category-event-kalender","category-mallorca-news","tag-ausflugstipp-mallorca","tag-festa-del-botifarro-sant-joan","tag-fira-dalcudia-2024","tag-fira-dolca-esporles","tag-klassische-musik-puerto-soller","tag-veranstaltungen-sonntag-mallorca"],"acf":[],"_links":{"self":[{"href":"https:\/\/isla-travel.de\/it\/wp-json\/wp\/v2\/posts\/25975738","targetHints":{"allow":["GET"]}}],"collection":[{"href":"https:\/\/isla-travel.de\/it\/wp-json\/wp\/v2\/posts"}],"about":[{"href":"https:\/\/isla-travel.de\/it\/wp-json\/wp\/v2\/types\/post"}],"author":[{"embeddable":true,"href":"https:\/\/isla-travel.de\/it\/wp-json\/wp\/v2\/users\/6"}],"replies":[{"embeddable":true,"href":"https:\/\/isla-travel.de\/it\/wp-json\/wp\/v2\/comments?post=25975738"}],"version-history":[{"count":7,"href":"https:\/\/isla-travel.de\/it\/wp-json\/wp\/v2\/posts\/25975738\/revisions"}],"predecessor-version":[{"id":25975769,"href":"https:\/\/isla-travel.de\/it\/wp-json\/wp\/v2\/posts\/25975738\/revisions\/25975769"}],"wp:featuredmedia":[{"embeddable":true,"href":"https:\/\/isla-travel.de\/it\/wp-json\/wp\/v2\/media\/25975745"}],"wp:attachment":[{"href":"https:\/\/isla-travel.de\/it\/wp-json\/wp\/v2\/media?parent=25975738"}],"wp:term":[{"taxonomy":"category","embeddable":true,"href":"https:\/\/isla-travel.de\/it\/wp-json\/wp\/v2\/categories?post=25975738"},{"taxonomy":"post_tag","embeddable":true,"href":"https:\/\/isla-travel.de\/it\/wp-json\/wp\/v2\/tags?post=25975738"},{"taxonomy":"dipi_cpt_category","embeddable":true,"href":"https:\/\/isla-travel.de\/it\/wp-json\/wp\/v2\/dipi_cpt_category?post=25975738"}],"curies":[{"name":"wp","href":"https:\/\/api.w.org\/{rel}","templated":true}]}}