{"id":79,"count":15,"description":"<i>Uppt\u00e4ck Mallorca<\/i> - Detta \u00e4r en inbjudan att uppt\u00e4cka de dolda skatterna p\u00e5 en \u00f6 som erbjuder mycket mer \u00e4n bara sol och hav. L\u00e5t dig ryckas med av ber\u00e4ttelser som g\u00e5r djupt in i Mallorcas historia och kultur. Fr\u00e5n hemliga tr\u00e4dg\u00e5rdar i blom till str\u00e4nder som fortfarande anses vara v\u00e4lbevarade hemligheter - h\u00e4r belyses \u00f6n fr\u00e5n nya, \u00f6verraskande perspektiv. Detta Mallorca \u00e4r inte det som turisterna hittar i reseguiderna, utan det som du m\u00e5ste uppt\u00e4cka om du verkligen vill l\u00e4ra k\u00e4nna \u00f6n.","link":"https:\/\/isla-travel.de\/sv\/magazin-sparte\/reportagen\/mallorca-entdecken\/","name":"Uppt\u00e4ck Mallorca","slug":"upptaeck-mallorca","taxonomy":"category","parent":2092,"meta":[],"acf":[],"_links":{"self":[{"href":"https:\/\/isla-travel.de\/sv\/wp-json\/wp\/v2\/categories\/79","targetHints":{"allow":["GET"]}}],"collection":[{"href":"https:\/\/isla-travel.de\/sv\/wp-json\/wp\/v2\/categories"}],"about":[{"href":"https:\/\/isla-travel.de\/sv\/wp-json\/wp\/v2\/taxonomies\/category"}],"up":[{"embeddable":true,"href":"https:\/\/isla-travel.de\/sv\/wp-json\/wp\/v2\/categories\/2092"}],"wp:post_type":[{"href":"https:\/\/isla-travel.de\/sv\/wp-json\/wp\/v2\/posts?categories=79"}],"curies":[{"name":"wp","href":"https:\/\/api.w.org\/{rel}","templated":true}]}}